{"id":2827,"date":"2024-04-20T23:39:49","date_gmt":"2024-04-20T22:39:49","guid":{"rendered":"https:\/\/iphone-gratuit.org\/articles\/?p=2827"},"modified":"2024-04-20T23:39:49","modified_gmt":"2024-04-20T22:39:49","slug":"israel-convoque-les-ambassadeurs-des-pays-ayant-vote-en-faveur-de-la-palestine-a-lonu","status":"publish","type":"post","link":"https:\/\/iphone-gratuit.org\/articles\/israel-convoque-les-ambassadeurs-des-pays-ayant-vote-en-faveur-de-la-palestine-a-lonu\/","title":{"rendered":"Isra\u00ebl convoque les ambassadeurs des pays ayant vot\u00e9 en faveur de la Palestine \u00e0 l&rsquo;ONU"},"content":{"rendered":"\n<figure class=\"wp-block-image size-full\"><img loading=\"lazy\" decoding=\"async\" width=\"765\" height=\"508\" src=\"https:\/\/iphone-gratuit.org\/articles\/wp-content\/uploads\/2024\/04\/isrsxdg.png\" alt=\"\" class=\"wp-image-2829\" srcset=\"https:\/\/iphone-gratuit.org\/articles\/wp-content\/uploads\/2024\/04\/isrsxdg.png 765w, https:\/\/iphone-gratuit.org\/articles\/wp-content\/uploads\/2024\/04\/isrsxdg-300x199.png 300w\" sizes=\"auto, (max-width: 765px) 100vw, 765px\" \/><\/figure>\n\n\n\n<p>Le minist\u00e8re des Affaires \u00e9trang\u00e8res d&rsquo;Isra\u00ebl a annonc\u00e9 hier, samedi, qu&rsquo;Isra\u00ebl convoquerait aujourd&rsquo;hui, dimanche, les ambassadeurs des pays ayant vot\u00e9 jeudi dernier en faveur de l&rsquo;adh\u00e9sion pleine et enti\u00e8re de la Palestine aux Nations unies, afin de mener une \u00ab\u00a0discussion de protestation\u00a0\u00bb.<\/p>\n\n\n\n<p>Cela intervient alors que l&rsquo;Autorit\u00e9 palestinienne a d\u00e9clar\u00e9 qu&rsquo;elle r\u00e9examinerait sa relation avec les \u00c9tats-Unis apr\u00e8s que Washington a utilis\u00e9 son droit de veto au Conseil de s\u00e9curit\u00e9 des Nations unies contre une tentative d&rsquo;obtenir l&rsquo;adh\u00e9sion de la Palestine plus t\u00f4t cette semaine.<\/p>\n\n\n\n<p>Le projet de r\u00e9solution \u00ab\u00a0recommandant \u00e0 l&rsquo;Assembl\u00e9e g\u00e9n\u00e9rale d&rsquo;accepter l&rsquo;\u00c9tat de Palestine en tant que membre des Nations unies\u00a0\u00bb a \u00e9t\u00e9 soutenu par 12 membres, les \u00c9tats-Unis s&rsquo;y opposant, tandis que deux membres restants (le Royaume-Uni et la Suisse) se sont abstenus.<\/p>\n\n\n\n<p>Comme pr\u00e9vu, les \u00c9tats-Unis ont exerc\u00e9 leur droit de veto contre cette demande, d\u00e9j\u00e0 critiqu\u00e9e par leur alli\u00e9 Isra\u00ebl, engag\u00e9 dans un conflit \u00e0 Gaza.<\/p>\n\n\n\n<p>Le porte-parole du minist\u00e8re des Affaires \u00e9trang\u00e8res isra\u00e9lien, Ori Marom, a d\u00e9clar\u00e9 hier, samedi, que le minist\u00e8re \u00ab\u00a0convoquerait les ambassadeurs des pays ayant vot\u00e9 au Conseil de s\u00e9curit\u00e9 en faveur de l&rsquo;\u00e9l\u00e9vation du statut des Palestiniens aux Nations unies\u00a0\u00bb.<\/p>\n\n\n\n<p>Il a ajout\u00e9 dans un post que \u00ab\u00a0les ambassadeurs de la France, du Japon, de la Cor\u00e9e du Sud, de Malte, de la R\u00e9publique slovaque et de l&rsquo;\u00c9quateur seront convoqu\u00e9s demain\u00a0\u00bb pour pr\u00e9senter la position officielle du gouvernement et \u00ab\u00a0recevront une forte protestation\u00a0\u00bb.<\/p>\n\n\n\n<p>Il a \u00e9galement indiqu\u00e9 qu&rsquo;une protestation similaire serait pr\u00e9sent\u00e9e \u00e0 d&rsquo;autres pays.<\/p>\n\n\n\n<p>Marom a poursuivi : \u00ab\u00a0Le message clair qui sera transmis aux ambassadeurs est que le geste politique des Palestiniens et l&rsquo;appel \u00e0 la reconnaissance de l&rsquo;\u00c9tat palestinien (&#8230;) apr\u00e8s 6 mois depuis le massacre du 7 octobre&#8230; est une r\u00e9compense pour le terrorisme\u00a0\u00bb.<\/p>\n\n\n\n<p>Le projet de r\u00e9solution appelait \u00e0 \u00ab\u00a0accepter l&rsquo;\u00c9tat de Palestine en tant que membre des Nations unies\u00a0\u00bb au lieu de son statut actuel de \u00ab\u00a0pays observateur non membre\u00a0\u00bb qu&rsquo;il d\u00e9tient depuis 2012.<\/p>\n\n\n\n<p>Selon une enqu\u00eate palestinienne, 137 des 193 \u00c9tats membres des Nations unies reconnaissent l&rsquo;\u00c9tat de Palestine.<\/p>\n","protected":false},"excerpt":{"rendered":"<p>Le minist\u00e8re des Affaires \u00e9trang\u00e8res d&rsquo;Isra\u00ebl a annonc\u00e9 hier, samedi, qu&rsquo;Isra\u00ebl convoquerait aujourd&rsquo;hui, dimanche, les ambassadeurs des pays ayant vot\u00e9 jeudi dernier en faveur de l&rsquo;adh\u00e9sion pleine et enti\u00e8re de la Palestine aux Nations unies, afin de mener une \u00ab\u00a0discussion de protestation\u00a0\u00bb. Cela intervient alors que l&rsquo;Autorit\u00e9 palestinienne a d\u00e9clar\u00e9 qu&rsquo;elle r\u00e9examinerait sa relation avec [&hellip;]<\/p>\n","protected":false},"author":1,"featured_media":0,"comment_status":"open","ping_status":"open","sticky":false,"template":"","format":"standard","meta":{"footnotes":""},"categories":[1],"tags":[],"class_list":["post-2827","post","type-post","status-publish","format-standard","hentry","category-uncategorized"],"_links":{"self":[{"href":"https:\/\/iphone-gratuit.org\/articles\/wp-json\/wp\/v2\/posts\/2827","targetHints":{"allow":["GET"]}}],"collection":[{"href":"https:\/\/iphone-gratuit.org\/articles\/wp-json\/wp\/v2\/posts"}],"about":[{"href":"https:\/\/iphone-gratuit.org\/articles\/wp-json\/wp\/v2\/types\/post"}],"author":[{"embeddable":true,"href":"https:\/\/iphone-gratuit.org\/articles\/wp-json\/wp\/v2\/users\/1"}],"replies":[{"embeddable":true,"href":"https:\/\/iphone-gratuit.org\/articles\/wp-json\/wp\/v2\/comments?post=2827"}],"version-history":[{"count":1,"href":"https:\/\/iphone-gratuit.org\/articles\/wp-json\/wp\/v2\/posts\/2827\/revisions"}],"predecessor-version":[{"id":2830,"href":"https:\/\/iphone-gratuit.org\/articles\/wp-json\/wp\/v2\/posts\/2827\/revisions\/2830"}],"wp:attachment":[{"href":"https:\/\/iphone-gratuit.org\/articles\/wp-json\/wp\/v2\/media?parent=2827"}],"wp:term":[{"taxonomy":"category","embeddable":true,"href":"https:\/\/iphone-gratuit.org\/articles\/wp-json\/wp\/v2\/categories?post=2827"},{"taxonomy":"post_tag","embeddable":true,"href":"https:\/\/iphone-gratuit.org\/articles\/wp-json\/wp\/v2\/tags?post=2827"}],"curies":[{"name":"wp","href":"https:\/\/api.w.org\/{rel}","templated":true}]}}