{"id":2784,"date":"2024-03-24T12:10:00","date_gmt":"2024-03-24T11:10:00","guid":{"rendered":"https:\/\/iphone-gratuit.org\/articles\/?p=2784"},"modified":"2024-03-24T03:36:05","modified_gmt":"2024-03-24T02:36:05","slug":"salvini-critique-macron-sur-lukraine","status":"publish","type":"post","link":"https:\/\/iphone-gratuit.org\/articles\/salvini-critique-macron-sur-lukraine\/","title":{"rendered":"Salvini critique Macron sur l&rsquo;Ukraine"},"content":{"rendered":"\n<figure class=\"wp-block-image size-full\"><img loading=\"lazy\" decoding=\"async\" width=\"691\" height=\"459\" src=\"https:\/\/iphone-gratuit.org\/articles\/wp-content\/uploads\/2024\/03\/macron.png\" alt=\"\" class=\"wp-image-2785\" srcset=\"https:\/\/iphone-gratuit.org\/articles\/wp-content\/uploads\/2024\/03\/macron.png 691w, https:\/\/iphone-gratuit.org\/articles\/wp-content\/uploads\/2024\/03\/macron-300x199.png 300w\" sizes=\"auto, (max-width: 691px) 100vw, 691px\" \/><\/figure>\n\n\n\n<p>Matteo Salvini, vice-pr\u00e9sident du gouvernement italien, a accus\u00e9 le pr\u00e9sident fran\u00e7ais Emmanuel Macron d&rsquo;exposer l&rsquo;Europe au danger en ouvrant la porte \u00e0 l&rsquo;id\u00e9e d&rsquo;envoyer des forces occidentales en Ukraine.<\/p>\n\n\n\n<p>Lors d&rsquo;un rassemblement \u00e0 Rome samedi, \u00e0 l&rsquo;approche des \u00e9lections au Parlement europ\u00e9en pr\u00e9vues en juin prochain, Salvini a qualifi\u00e9 la proposition de Macron d&rsquo;envoyer des troupes en Ukraine de \u00ab\u00a0tr\u00e8s dangereuse et d\u00e9s\u00e9quilibr\u00e9e\u00a0\u00bb.<\/p>\n\n\n\n<p>Le responsable italien, soulignant les valeurs des familles conservatrices, a d\u00e9clar\u00e9 : \u00ab\u00a0Je pense que le pr\u00e9sident Macron, avec ses paroles, repr\u00e9sente un danger pour notre pays et notre continent\u00a0\u00bb.<\/p>\n\n\n\n<p>Salvini a ajout\u00e9 : \u00ab\u00a0Le probl\u00e8me ne r\u00e9side pas chez les parents, mais chez les partisans de la guerre comme Macron. Ils parlent de guerre comme s&rsquo;il n&rsquo;y avait aucun probl\u00e8me actuellement\u00a0\u00bb.<\/p>\n\n\n\n<p>Il a poursuivi en disant : \u00ab\u00a0Je ne veux pas laisser \u00e0 nos enfants un continent pr\u00eat \u00e0 entrer dans une troisi\u00e8me guerre mondiale\u00a0\u00bb.<\/p>\n\n\n\n<p>Ce politicien italien avait d\u00e9j\u00e0 exprim\u00e9 son admiration pour le pr\u00e9sident russe Vladimir Poutine, d\u00e9clarant en commentaire sur les r\u00e9sultats des derni\u00e8res \u00e9lections pr\u00e9sidentielles remport\u00e9es par Poutine : \u00ab\u00a0Quand les gens votent, ils ont toujours raison\u00a0\u00bb.<\/p>\n\n\n\n<p>Salvini est \u00e0 la t\u00eate de la Ligue du Nord, un parti d&rsquo;extr\u00eame droite, qui fait partie de la coalition gouvernementale dirig\u00e9e par Giorgia Meloni, et il occupe \u00e9galement le poste de ministre des Transports.<\/p>\n\n\n\n<p>Lors du rassemblement organis\u00e9 par le bloc \u00ab\u00a0Identit\u00e9 et D\u00e9mocratie\u00a0\u00bb au Parlement europ\u00e9en, le leader du parti portugais d&rsquo;extr\u00eame droite Chega, qui a r\u00e9alis\u00e9 une perc\u00e9e importante lors des \u00e9lections g\u00e9n\u00e9rales de mars dernier, ainsi que le leader du parti autrichien de la libert\u00e9, Harald Vilimsky, et l&rsquo;ancien candidat \u00e0 la pr\u00e9sidence am\u00e9ricaine Vivek Ramaswamy, ont \u00e9galement pris la parole.<\/p>\n\n\n\n<p>La dirigeante d&rsquo;extr\u00eame droite fran\u00e7aise Marine Le Pen n&rsquo;a pas particip\u00e9 \u00e0 cette r\u00e9union et s&rsquo;est content\u00e9e d&rsquo;envoyer un message vid\u00e9o.<\/p>\n\n\n\n<p>Les d\u00e9clarations de Macron le mois dernier, dans lesquelles il refusait d&rsquo;exclure l&rsquo;envoi de troupes en Ukraine, ont suscit\u00e9 une forte r\u00e9action de l&rsquo;Allemagne et d&rsquo;autres partenaires europ\u00e9ens.<\/p>\n","protected":false},"excerpt":{"rendered":"<p>Matteo Salvini, vice-pr\u00e9sident du gouvernement italien, a accus\u00e9 le pr\u00e9sident fran\u00e7ais Emmanuel Macron d&rsquo;exposer l&rsquo;Europe au danger en ouvrant la porte \u00e0 l&rsquo;id\u00e9e d&rsquo;envoyer des forces occidentales en Ukraine. Lors d&rsquo;un rassemblement \u00e0 Rome samedi, \u00e0 l&rsquo;approche des \u00e9lections au Parlement europ\u00e9en pr\u00e9vues en juin prochain, Salvini a qualifi\u00e9 la proposition de Macron d&rsquo;envoyer des [&hellip;]<\/p>\n","protected":false},"author":2,"featured_media":0,"comment_status":"open","ping_status":"open","sticky":false,"template":"","format":"standard","meta":{"footnotes":""},"categories":[1],"tags":[],"class_list":["post-2784","post","type-post","status-publish","format-standard","hentry","category-uncategorized"],"_links":{"self":[{"href":"https:\/\/iphone-gratuit.org\/articles\/wp-json\/wp\/v2\/posts\/2784","targetHints":{"allow":["GET"]}}],"collection":[{"href":"https:\/\/iphone-gratuit.org\/articles\/wp-json\/wp\/v2\/posts"}],"about":[{"href":"https:\/\/iphone-gratuit.org\/articles\/wp-json\/wp\/v2\/types\/post"}],"author":[{"embeddable":true,"href":"https:\/\/iphone-gratuit.org\/articles\/wp-json\/wp\/v2\/users\/2"}],"replies":[{"embeddable":true,"href":"https:\/\/iphone-gratuit.org\/articles\/wp-json\/wp\/v2\/comments?post=2784"}],"version-history":[{"count":1,"href":"https:\/\/iphone-gratuit.org\/articles\/wp-json\/wp\/v2\/posts\/2784\/revisions"}],"predecessor-version":[{"id":2786,"href":"https:\/\/iphone-gratuit.org\/articles\/wp-json\/wp\/v2\/posts\/2784\/revisions\/2786"}],"wp:attachment":[{"href":"https:\/\/iphone-gratuit.org\/articles\/wp-json\/wp\/v2\/media?parent=2784"}],"wp:term":[{"taxonomy":"category","embeddable":true,"href":"https:\/\/iphone-gratuit.org\/articles\/wp-json\/wp\/v2\/categories?post=2784"},{"taxonomy":"post_tag","embeddable":true,"href":"https:\/\/iphone-gratuit.org\/articles\/wp-json\/wp\/v2\/tags?post=2784"}],"curies":[{"name":"wp","href":"https:\/\/api.w.org\/{rel}","templated":true}]}}