{"id":2720,"date":"2024-03-13T14:40:32","date_gmt":"2024-03-13T13:40:32","guid":{"rendered":"https:\/\/iphone-gratuit.org\/articles\/?p=2720"},"modified":"2024-03-13T14:40:32","modified_gmt":"2024-03-13T13:40:32","slug":"le-depute-francais-au-parlement-europeen-condamne-lexportation-darmes-vers-israel-et-appelle-a-larret-immediat","status":"publish","type":"post","link":"https:\/\/iphone-gratuit.org\/articles\/le-depute-francais-au-parlement-europeen-condamne-lexportation-darmes-vers-israel-et-appelle-a-larret-immediat\/","title":{"rendered":"Le d\u00e9put\u00e9 fran\u00e7ais au Parlement europ\u00e9en condamne l&rsquo;exportation d&rsquo;armes vers Isra\u00ebl et appelle \u00e0 l&rsquo;arr\u00eat imm\u00e9diat"},"content":{"rendered":"\n<figure class=\"wp-block-image size-full\"><img loading=\"lazy\" decoding=\"async\" width=\"765\" height=\"505\" src=\"https:\/\/iphone-gratuit.org\/articles\/wp-content\/uploads\/2024\/03\/gazeuropfr.png\" alt=\"\" class=\"wp-image-2721\" srcset=\"https:\/\/iphone-gratuit.org\/articles\/wp-content\/uploads\/2024\/03\/gazeuropfr.png 765w, https:\/\/iphone-gratuit.org\/articles\/wp-content\/uploads\/2024\/03\/gazeuropfr-300x198.png 300w\" sizes=\"auto, (max-width: 765px) 100vw, 765px\" \/><\/figure>\n\n\n\n<p>Le d\u00e9put\u00e9 fran\u00e7ais au Parlement europ\u00e9en, Fran\u00e7ois Thioulet, a d\u00e9clar\u00e9 que la poursuite par les \u00c9tats membres de l&rsquo;Union europ\u00e9enne de l&rsquo;exportation d&rsquo;armes vers Isra\u00ebl, accus\u00e9e de \u00ab\u00a0g\u00e9nocide\u00a0\u00bb, en fait une \u00ab\u00a0complice du crime\u00a0\u00bb.<\/p>\n\n\n\n<p>Thioulet a ajout\u00e9 dans des d\u00e9clarations \u00e0 l&rsquo;Agence Anadolu que ce qui se passe dans la bande de Gaza est un nettoyage ethnique visant les Palestiniens, soulignant que ce qu&rsquo;Isra\u00ebl fait constitue une guerre contre tous les Palestiniens, que ce soit \u00e0 Gaza ou en Cisjordanie, et non seulement une guerre contre le Mouvement de r\u00e9sistance islamique (Hamas).<\/p>\n\n\n\n<p>Il a \u00e9galement soulign\u00e9 que les discours des responsables isra\u00e9liens indiquent une \u00ab\u00a0volont\u00e9 d&rsquo;\u00e9liminer\u00a0\u00bb les Palestiniens.<\/p>\n\n\n\n<p>Concernant la position des pays europ\u00e9ens sur les \u00e9v\u00e9nements en Palestine, Thioulet a d\u00e9clar\u00e9 qu&rsquo;il existe de nombreuses mesures que les pays europ\u00e9ens peuvent prendre pour contrer les pratiques isra\u00e9liennes \u00e0 l&rsquo;encontre des Palestiniens.<\/p>\n\n\n\n<p>Il a insist\u00e9 sur la n\u00e9cessit\u00e9 pour l&rsquo;Union europ\u00e9enne de porter attention \u00e0 ce qui se passe dans la bande de Gaza, soulignant que cette attention doit \u00eatre similaire \u00e0 celle exprim\u00e9e \u00e0 l&rsquo;\u00e9gard de ce qui se passe en Ukraine.<\/p>\n\n\n\n<p>Il a appel\u00e9 \u00e0 mettre fin \u00e0 l&rsquo;exportation d&rsquo;armes des pays de l&rsquo;Union europ\u00e9enne vers Isra\u00ebl, affirmant qu&rsquo;il n&rsquo;\u00e9tait pas acceptable de continuer les accords militaires et \u00e9conomiques avec Tel Aviv comme si rien ne se passait.<\/p>\n\n\n\n<p>Depuis le 7 octobre, Isra\u00ebl m\u00e8ne une guerre destructrice contre la bande de Gaza, qui a fait jusqu&rsquo;\u00e0 hier mardi 31 184 Palestiniens tu\u00e9s et 72 889 autres bless\u00e9s, la plupart \u00e9tant des enfants et des femmes. L&rsquo;agression a \u00e9galement caus\u00e9 d&rsquo;\u00e9normes destructions d&rsquo;infrastructures, laissant derri\u00e8re elle une \u00ab\u00a0catastrophe humanitaire sans pr\u00e9c\u00e9dent\u00a0\u00bb, selon des rapports palestiniens et internationaux.<\/p>\n","protected":false},"excerpt":{"rendered":"<p>Le d\u00e9put\u00e9 fran\u00e7ais au Parlement europ\u00e9en, Fran\u00e7ois Thioulet, a d\u00e9clar\u00e9 que la poursuite par les \u00c9tats membres de l&rsquo;Union europ\u00e9enne de l&rsquo;exportation d&rsquo;armes vers Isra\u00ebl, accus\u00e9e de \u00ab\u00a0g\u00e9nocide\u00a0\u00bb, en fait une \u00ab\u00a0complice du crime\u00a0\u00bb. Thioulet a ajout\u00e9 dans des d\u00e9clarations \u00e0 l&rsquo;Agence Anadolu que ce qui se passe dans la bande de Gaza est un [&hellip;]<\/p>\n","protected":false},"author":1,"featured_media":0,"comment_status":"open","ping_status":"open","sticky":false,"template":"","format":"standard","meta":{"footnotes":""},"categories":[1],"tags":[],"class_list":["post-2720","post","type-post","status-publish","format-standard","hentry","category-uncategorized"],"_links":{"self":[{"href":"https:\/\/iphone-gratuit.org\/articles\/wp-json\/wp\/v2\/posts\/2720","targetHints":{"allow":["GET"]}}],"collection":[{"href":"https:\/\/iphone-gratuit.org\/articles\/wp-json\/wp\/v2\/posts"}],"about":[{"href":"https:\/\/iphone-gratuit.org\/articles\/wp-json\/wp\/v2\/types\/post"}],"author":[{"embeddable":true,"href":"https:\/\/iphone-gratuit.org\/articles\/wp-json\/wp\/v2\/users\/1"}],"replies":[{"embeddable":true,"href":"https:\/\/iphone-gratuit.org\/articles\/wp-json\/wp\/v2\/comments?post=2720"}],"version-history":[{"count":1,"href":"https:\/\/iphone-gratuit.org\/articles\/wp-json\/wp\/v2\/posts\/2720\/revisions"}],"predecessor-version":[{"id":2722,"href":"https:\/\/iphone-gratuit.org\/articles\/wp-json\/wp\/v2\/posts\/2720\/revisions\/2722"}],"wp:attachment":[{"href":"https:\/\/iphone-gratuit.org\/articles\/wp-json\/wp\/v2\/media?parent=2720"}],"wp:term":[{"taxonomy":"category","embeddable":true,"href":"https:\/\/iphone-gratuit.org\/articles\/wp-json\/wp\/v2\/categories?post=2720"},{"taxonomy":"post_tag","embeddable":true,"href":"https:\/\/iphone-gratuit.org\/articles\/wp-json\/wp\/v2\/tags?post=2720"}],"curies":[{"name":"wp","href":"https:\/\/api.w.org\/{rel}","templated":true}]}}