{"id":2690,"date":"2024-03-03T06:33:00","date_gmt":"2024-03-03T05:33:00","guid":{"rendered":"https:\/\/iphone-gratuit.org\/articles\/?p=2690"},"modified":"2024-03-03T02:15:31","modified_gmt":"2024-03-03T01:15:31","slug":"le-general-mahamat-idriss-deby-se-porte-candidat-a-la-presidentielle-de-mai-au-tchad","status":"publish","type":"post","link":"https:\/\/iphone-gratuit.org\/articles\/le-general-mahamat-idriss-deby-se-porte-candidat-a-la-presidentielle-de-mai-au-tchad\/","title":{"rendered":"Le g\u00e9n\u00e9ral Mahamat Idriss D\u00e9by se porte candidat \u00e0 la pr\u00e9sidentielle de mai au Tchad"},"content":{"rendered":"\n<figure class=\"wp-block-image size-full\"><img loading=\"lazy\" decoding=\"async\" width=\"764\" height=\"510\" src=\"https:\/\/iphone-gratuit.org\/articles\/wp-content\/uploads\/2024\/03\/tchad.png\" alt=\"\" class=\"wp-image-2691\" srcset=\"https:\/\/iphone-gratuit.org\/articles\/wp-content\/uploads\/2024\/03\/tchad.png 764w, https:\/\/iphone-gratuit.org\/articles\/wp-content\/uploads\/2024\/03\/tchad-300x200.png 300w\" sizes=\"auto, (max-width: 764px) 100vw, 764px\" \/><\/figure>\n\n\n\n<p>Le pr\u00e9sident du Conseil militaire de transition au Tchad, le g\u00e9n\u00e9ral Mahamat Idriss D\u00e9by Itno, a annonc\u00e9 aujourd&rsquo;hui, samedi, sa candidature aux \u00e9lections pr\u00e9sidentielles pr\u00e9vues le 6 mai prochain, quelques jours apr\u00e8s la mort de son proche parent et l&rsquo;un de ses principaux concurrents.<\/p>\n\n\n\n<p>Dans un discours prononc\u00e9 depuis le si\u00e8ge du minist\u00e8re des Affaires \u00e9trang\u00e8res, D\u00e9by a d\u00e9clar\u00e9 qu&rsquo;il se pr\u00e9sentait aux \u00e9lections pr\u00e9sidentielles de 2024 sous la banni\u00e8re de la coalition des partis (Pour un Tchad uni) qui lui a demand\u00e9 de se pr\u00e9senter.<\/p>\n\n\n\n<p>Au milieu d&rsquo;un d\u00e9ploiement militaire massif, D\u00e9by a d\u00e9clar\u00e9 qu&rsquo;en 2021, \u00ab\u00a0l&rsquo;arm\u00e9e a assur\u00e9 la continuit\u00e9 de l&rsquo;\u00c9tat et l&rsquo;a sauv\u00e9 du vide et du chaos\u00a0\u00bb, tandis que des centaines de repr\u00e9sentants de \u00ab\u00a0221 partis\u00a0\u00bb r\u00e9unis au sein de la coalition \u00ab\u00a0Pour un Tchad uni\u00a0\u00bb, l&rsquo;ont appel\u00e9 \u00e0 se pr\u00e9senter.<\/p>\n\n\n\n<p>D\u00e9by a \u00e9t\u00e9 nomm\u00e9 pr\u00e9sident de la transition le 20 avril 2021, alors qu&rsquo;il n&rsquo;avait que 37 ans, \u00e0 la t\u00eate d&rsquo;un conseil militaire compos\u00e9 de 15 hauts grad\u00e9s.<\/p>\n\n\n\n<p>La nomination de D\u00e9by par l&rsquo;arm\u00e9e est intervenue apr\u00e8s l&rsquo;assassinat de son p\u00e8re, Idriss D\u00e9by Itno, par des rebelles, apr\u00e8s avoir dirig\u00e9 le Tchad pendant plus de trois d\u00e9cennies. D\u00e9by s&rsquo;est engag\u00e9 \u00e0 rendre le pouvoir aux civils en organisant des \u00e9lections dans les 18 mois, un processus qui a \u00e9t\u00e9 report\u00e9 de deux ans.<\/p>\n\n\n\n<p>L&rsquo;opposition a d\u00e9nonc\u00e9 ce qu&rsquo;elle a qualifi\u00e9 de \u00ab\u00a0dynastie au pouvoir\u00a0\u00bb de la famille D\u00e9by dans ce pays class\u00e9 comme le deuxi\u00e8me pays le moins d\u00e9velopp\u00e9 au monde selon les Nations unies.<\/p>\n\n\n\n<p>L&rsquo;annonce de la candidature de D\u00e9by intervient trois jours apr\u00e8s la mort de son parent proche, le chef du \u00ab\u00a0Parti socialiste sans fronti\u00e8res\u00a0\u00bb Yahya Dillo Dj\u00e9rou, lors d&rsquo;une attaque des forces arm\u00e9es contre le si\u00e8ge de son parti.<\/p>\n\n\n\n<p>Selon le gouvernement, l&rsquo;opposant \u00e9tait recherch\u00e9 pour incitation \u00e0 une \u00ab\u00a0tentative d&rsquo;assassinat\u00a0\u00bb pr\u00e9sum\u00e9e du pr\u00e9sident de la Cour supr\u00eame il y a 10 jours et a men\u00e9 une attaque contre le si\u00e8ge de l&rsquo;agence de renseignement r\u00e9put\u00e9e mardi.<\/p>\n","protected":false},"excerpt":{"rendered":"<p>Le pr\u00e9sident du Conseil militaire de transition au Tchad, le g\u00e9n\u00e9ral Mahamat Idriss D\u00e9by Itno, a annonc\u00e9 aujourd&rsquo;hui, samedi, sa candidature aux \u00e9lections pr\u00e9sidentielles pr\u00e9vues le 6 mai prochain, quelques jours apr\u00e8s la mort de son proche parent et l&rsquo;un de ses principaux concurrents. Dans un discours prononc\u00e9 depuis le si\u00e8ge du minist\u00e8re des Affaires [&hellip;]<\/p>\n","protected":false},"author":2,"featured_media":0,"comment_status":"open","ping_status":"open","sticky":false,"template":"","format":"standard","meta":{"footnotes":""},"categories":[1],"tags":[],"class_list":["post-2690","post","type-post","status-publish","format-standard","hentry","category-uncategorized"],"_links":{"self":[{"href":"https:\/\/iphone-gratuit.org\/articles\/wp-json\/wp\/v2\/posts\/2690","targetHints":{"allow":["GET"]}}],"collection":[{"href":"https:\/\/iphone-gratuit.org\/articles\/wp-json\/wp\/v2\/posts"}],"about":[{"href":"https:\/\/iphone-gratuit.org\/articles\/wp-json\/wp\/v2\/types\/post"}],"author":[{"embeddable":true,"href":"https:\/\/iphone-gratuit.org\/articles\/wp-json\/wp\/v2\/users\/2"}],"replies":[{"embeddable":true,"href":"https:\/\/iphone-gratuit.org\/articles\/wp-json\/wp\/v2\/comments?post=2690"}],"version-history":[{"count":1,"href":"https:\/\/iphone-gratuit.org\/articles\/wp-json\/wp\/v2\/posts\/2690\/revisions"}],"predecessor-version":[{"id":2692,"href":"https:\/\/iphone-gratuit.org\/articles\/wp-json\/wp\/v2\/posts\/2690\/revisions\/2692"}],"wp:attachment":[{"href":"https:\/\/iphone-gratuit.org\/articles\/wp-json\/wp\/v2\/media?parent=2690"}],"wp:term":[{"taxonomy":"category","embeddable":true,"href":"https:\/\/iphone-gratuit.org\/articles\/wp-json\/wp\/v2\/categories?post=2690"},{"taxonomy":"post_tag","embeddable":true,"href":"https:\/\/iphone-gratuit.org\/articles\/wp-json\/wp\/v2\/tags?post=2690"}],"curies":[{"name":"wp","href":"https:\/\/api.w.org\/{rel}","templated":true}]}}