{"id":2491,"date":"2024-02-05T11:19:00","date_gmt":"2024-02-05T10:19:00","guid":{"rendered":"https:\/\/iphone-gratuit.org\/articles\/?p=2491"},"modified":"2024-02-05T06:20:24","modified_gmt":"2024-02-05T05:20:24","slug":"violence-a-jerusalem-colere-apres-lagression-dun-religieux-chretien","status":"publish","type":"post","link":"https:\/\/iphone-gratuit.org\/articles\/violence-a-jerusalem-colere-apres-lagression-dun-religieux-chretien\/","title":{"rendered":"Violence \u00e0 J\u00e9rusalem : col\u00e8re apr\u00e8s l&rsquo;agression d&rsquo;un religieux chr\u00e9tien"},"content":{"rendered":"\n<figure class=\"wp-block-image size-full\"><img loading=\"lazy\" decoding=\"async\" width=\"770\" height=\"510\" src=\"https:\/\/iphone-gratuit.org\/articles\/wp-content\/uploads\/2024\/02\/chris.png\" alt=\"\" class=\"wp-image-2492\" srcset=\"https:\/\/iphone-gratuit.org\/articles\/wp-content\/uploads\/2024\/02\/chris.png 770w, https:\/\/iphone-gratuit.org\/articles\/wp-content\/uploads\/2024\/02\/chris-300x199.png 300w, https:\/\/iphone-gratuit.org\/articles\/wp-content\/uploads\/2024\/02\/chris-768x509.png 768w\" sizes=\"auto, (max-width: 770px) 100vw, 770px\" \/><\/figure>\n\n\n\n<p>L&rsquo;agression contre un homme religieux chr\u00e9tien \u00e0 l&rsquo;int\u00e9rieur de la vieille ville de J\u00e9rusalem hier samedi n&rsquo;\u00e9tait pas surprenante, mais elle n&rsquo;\u00e9tait ni acceptable ni tol\u00e9rable.<\/p>\n\n\n\n<p>Cet incident a pouss\u00e9 le Comit\u00e9 pr\u00e9sidentiel sup\u00e9rieur de suivi des affaires des \u00e9glises en Palestine et le Minist\u00e8re des Affaires \u00e9trang\u00e8res et des Expatri\u00e9s palestiniens \u00e0 publier des d\u00e9clarations condamnant l&rsquo;attaque. La police isra\u00e9lienne a \u00e9galement annonc\u00e9 avoir arr\u00eat\u00e9 deux mineurs qui ont agress\u00e9 verbalement et crach\u00e9 sur l&rsquo;homme religieux.<\/p>\n\n\n\n<p>Alors que le p\u00e8re abb\u00e9 et le recteur du monast\u00e8re de la Vierge Marie de Raphon, l&rsquo;Allemand Nikodemus Schnabel, marchaient dans les ruelles de la vieille ville de J\u00e9rusalem, deux colons les ont intercept\u00e9s, crach\u00e9 dessus, prof\u00e9r\u00e9 des insultes et ont tent\u00e9 de les agresser physiquement.<\/p>\n\n\n\n<p>L&rsquo;homme religieux a ripost\u00e9 en essayant de les photographier et en disant \u00e0 l&rsquo;un d&rsquo;eux \u00ab\u00a0Vous me touchez et vous n&rsquo;avez pas le droit de le faire\u00a0\u00bb, ajoutant que la police isra\u00e9lienne demande toujours des photos pour identifier les agresseurs, ce qu&rsquo;il a tent\u00e9 de faire, comme le montre une vid\u00e9o largement partag\u00e9e sur les r\u00e9seaux sociaux.<\/p>\n\n\n\n<p>Dans son communiqu\u00e9, la police a d\u00e9clar\u00e9 que \u00ab\u00a0les mineurs ont \u00e9t\u00e9 arr\u00eat\u00e9s et plac\u00e9s en r\u00e9sidence surveill\u00e9e\u00a0\u00bb, ce qui signifie qu&rsquo;ils ont \u00e9t\u00e9 lib\u00e9r\u00e9s apr\u00e8s avoir \u00e9t\u00e9 interrog\u00e9s pendant plusieurs heures.<\/p>\n\n\n\n<p>L&rsquo;archimandrite Abdullah Yulio, ancien pr\u00e9sident du monast\u00e8re catholique des rois romains \u00e0 Ramallah, a qualifi\u00e9 l&rsquo;attaque de \u00ab\u00a0tr\u00e8s grave\u00a0\u00bb, affirmant que les hommes religieux chr\u00e9tiens sont responsables et exercent des fonctions officielles, et qu&rsquo;ils r\u00e9sident \u00e0 J\u00e9rusalem en vertu des permis d\u00e9livr\u00e9s par Isra\u00ebl \u00ab\u00a0et ces attaques r\u00e9p\u00e9t\u00e9es ne refl\u00e8tent que la haine religieuse et le rejet de l&rsquo;autre\u00a0\u00bb.<\/p>\n\n\n\n<p>Yulio a ajout\u00e9 dans son entretien avec Al Jazeera Net que la guerre \u00e0 Gaza a r\u00e9v\u00e9l\u00e9 ce qui se trouve dans le c\u0153ur de ceux qui occupent J\u00e9rusalem par la haine.<\/p>\n\n\n\n<p>Concernant le r\u00f4le des autorit\u00e9s eccl\u00e9siastiques chr\u00e9tiennes et des chefs d&rsquo;\u00e9glise face \u00e0 ces attaques, Yulio a affirm\u00e9 que leur voix est faible et que beaucoup vivent dans la peur de ne pas \u00eatre reconnus ou de voir leurs permis annul\u00e9s dans le pays et d&rsquo;\u00eatre harcel\u00e9s lors de leurs d\u00e9placements, et ces mesures les poussent \u00e0 se taire et \u00e0 \u00eatre constamment r\u00e9prim\u00e9s.<\/p>\n\n\n\n<p>Interrog\u00e9 sur le fait de savoir si les attaques contre les hommes religieux chr\u00e9tiens \u00e9trangers \u00e0 J\u00e9rusalem pourraient les pousser \u00e0 quitter leur service en Terre sainte, Yulio a r\u00e9pondu : \u00ab\u00a0Si les hommes religieux n&rsquo;ont pas d&rsquo;attachement \u00e0 cette terre et \u00e0 ce peuple, il leur sera difficile de rester dans ce pays.\u00a0\u00bb<\/p>\n\n\n\n<p>Yulio a conclu en disant qu&rsquo;Isra\u00ebl ne veut pas voir ces personnes dans le pays \u00ab\u00a0parce qu&rsquo;elles sont des t\u00e9moins de ce qui se passe, et les attaques r\u00e9p\u00e9t\u00e9es des colons contre elles s&rsquo;inscrivent dans le cadre de la pression exerc\u00e9e sur elles pour qu&rsquo;elles quittent la Palestine\u00a0\u00bb.<\/p>\n","protected":false},"excerpt":{"rendered":"<p>L&rsquo;agression contre un homme religieux chr\u00e9tien \u00e0 l&rsquo;int\u00e9rieur de la vieille ville de J\u00e9rusalem hier samedi n&rsquo;\u00e9tait pas surprenante, mais elle n&rsquo;\u00e9tait ni acceptable ni tol\u00e9rable. Cet incident a pouss\u00e9 le Comit\u00e9 pr\u00e9sidentiel sup\u00e9rieur de suivi des affaires des \u00e9glises en Palestine et le Minist\u00e8re des Affaires \u00e9trang\u00e8res et des Expatri\u00e9s palestiniens \u00e0 publier des [&hellip;]<\/p>\n","protected":false},"author":1,"featured_media":0,"comment_status":"open","ping_status":"open","sticky":false,"template":"","format":"standard","meta":{"footnotes":""},"categories":[1],"tags":[],"class_list":["post-2491","post","type-post","status-publish","format-standard","hentry","category-uncategorized"],"_links":{"self":[{"href":"https:\/\/iphone-gratuit.org\/articles\/wp-json\/wp\/v2\/posts\/2491","targetHints":{"allow":["GET"]}}],"collection":[{"href":"https:\/\/iphone-gratuit.org\/articles\/wp-json\/wp\/v2\/posts"}],"about":[{"href":"https:\/\/iphone-gratuit.org\/articles\/wp-json\/wp\/v2\/types\/post"}],"author":[{"embeddable":true,"href":"https:\/\/iphone-gratuit.org\/articles\/wp-json\/wp\/v2\/users\/1"}],"replies":[{"embeddable":true,"href":"https:\/\/iphone-gratuit.org\/articles\/wp-json\/wp\/v2\/comments?post=2491"}],"version-history":[{"count":1,"href":"https:\/\/iphone-gratuit.org\/articles\/wp-json\/wp\/v2\/posts\/2491\/revisions"}],"predecessor-version":[{"id":2493,"href":"https:\/\/iphone-gratuit.org\/articles\/wp-json\/wp\/v2\/posts\/2491\/revisions\/2493"}],"wp:attachment":[{"href":"https:\/\/iphone-gratuit.org\/articles\/wp-json\/wp\/v2\/media?parent=2491"}],"wp:term":[{"taxonomy":"category","embeddable":true,"href":"https:\/\/iphone-gratuit.org\/articles\/wp-json\/wp\/v2\/categories?post=2491"},{"taxonomy":"post_tag","embeddable":true,"href":"https:\/\/iphone-gratuit.org\/articles\/wp-json\/wp\/v2\/tags?post=2491"}],"curies":[{"name":"wp","href":"https:\/\/api.w.org\/{rel}","templated":true}]}}