{"id":2468,"date":"2024-02-04T11:01:00","date_gmt":"2024-02-04T10:01:00","guid":{"rendered":"https:\/\/iphone-gratuit.org\/articles\/?p=2468"},"modified":"2024-02-04T04:06:19","modified_gmt":"2024-02-04T03:06:19","slug":"manifestations-massives-contre-lextreme-droite-en-allemagne","status":"publish","type":"post","link":"https:\/\/iphone-gratuit.org\/articles\/manifestations-massives-contre-lextreme-droite-en-allemagne\/","title":{"rendered":"Manifestations massives contre l&rsquo;extr\u00eame droite en Allemagne"},"content":{"rendered":"\n<figure class=\"wp-block-image size-full\"><img loading=\"lazy\" decoding=\"async\" width=\"680\" height=\"416\" src=\"https:\/\/iphone-gratuit.org\/articles\/wp-content\/uploads\/2024\/02\/germm.png\" alt=\"\" class=\"wp-image-2469\" srcset=\"https:\/\/iphone-gratuit.org\/articles\/wp-content\/uploads\/2024\/02\/germm.png 680w, https:\/\/iphone-gratuit.org\/articles\/wp-content\/uploads\/2024\/02\/germm-300x184.png 300w\" sizes=\"auto, (max-width: 680px) 100vw, 680px\" \/><\/figure>\n\n\n\n<p>Environ 150 000 personnes ont manifest\u00e9 dans les rues de Berlin aujourd&rsquo;hui, samedi, dans des manifestations contre le parti d&rsquo;extr\u00eame droite \u00ab\u00a0Alternative pour l&rsquo;Allemagne\u00a0\u00bb devant le b\u00e2timent du Parlement f\u00e9d\u00e9ral pour la quatri\u00e8me semaine cons\u00e9cutive, en signe d&rsquo;inqui\u00e9tude croissante concernant le soutien populaire au parti d&rsquo;extr\u00eame droite et en soutien \u00e0 la d\u00e9mocratie.<\/p>\n\n\n\n<p>La manifestation de protestation a \u00e9t\u00e9 organis\u00e9e par l&rsquo;initiative \u00ab\u00a0Main dans la main\u00a0\u00bb et a b\u00e9n\u00e9fici\u00e9 du soutien de plus de 1 500 associations actives dans le pays.<\/p>\n\n\n\n<p>La manifestation a \u00e9t\u00e9 marqu\u00e9e par des slogans en faveur de la libert\u00e9 pour la Palestine et l&rsquo;appel \u00e0 un cessez-le-feu dans la bande de Gaza.<\/p>\n\n\n\n<p>Des manifestations ont \u00e9galement eu lieu dans d&rsquo;autres villes, notamment \u00e0 Dresde, Hanovre et Eisenach, o\u00f9 les manifestants ont scand\u00e9 \u00ab\u00a0Tous contre le fascisme\u00a0\u00bb.<\/p>\n\n\n\n<p>Les manifestants ont brandi des pancartes portant des slogans tels que \u00ab\u00a0Le racisme n&rsquo;est pas une alternative\u00a0\u00bb et ont appel\u00e9 \u00e0 la libert\u00e9 et \u00e0 l&rsquo;\u00e9galit\u00e9, condamnant le parti \u00ab\u00a0Alternative pour l&rsquo;Allemagne\u00a0\u00bb qu&rsquo;ils ont qualifi\u00e9 d&rsquo;anti-immigr\u00e9s et de syst\u00e8me.<\/p>\n\n\n\n<p>Le chancelier allemand, Olaf Scholz, a annonc\u00e9 son soutien aux manifestations contre l&rsquo;extr\u00eame droite, d\u00e9clarant via la plateforme X que les manifestations \u00e0 travers le pays contre la haine sont \u00ab\u00a0un signal fort pour la d\u00e9mocratie et la constitution allemande\u00a0\u00bb.<\/p>\n\n\n\n<p>Ces manifestations, au nombre de 200 dans tout le pays, font suite au choc provoqu\u00e9 par une r\u00e9union organis\u00e9e par des extr\u00e9mistes de droite \u00e0 Potsdam, pr\u00e8s de Berlin, en novembre dernier, au cours de laquelle un projet de campagne de grande envergure pour expulser les migrants a \u00e9t\u00e9 discut\u00e9.<\/p>\n\n\n\n<p>Le r\u00e9seau d&rsquo;investigation journalistique Correctiv a publi\u00e9 le 10 janvier dernier des fuites sur la r\u00e9union secr\u00e8te du parti, qui incluait un plan pour expulser des millions de migrants du pays.<\/p>\n\n\n\n<p>Il est \u00e0 noter que 78 d\u00e9put\u00e9s du parti d&rsquo;extr\u00eame droite sont repr\u00e9sent\u00e9s au Parlement f\u00e9d\u00e9ral allemand sur un total de 763 si\u00e8ges.<\/p>\n","protected":false},"excerpt":{"rendered":"<p>Environ 150 000 personnes ont manifest\u00e9 dans les rues de Berlin aujourd&rsquo;hui, samedi, dans des manifestations contre le parti d&rsquo;extr\u00eame droite \u00ab\u00a0Alternative pour l&rsquo;Allemagne\u00a0\u00bb devant le b\u00e2timent du Parlement f\u00e9d\u00e9ral pour la quatri\u00e8me semaine cons\u00e9cutive, en signe d&rsquo;inqui\u00e9tude croissante concernant le soutien populaire au parti d&rsquo;extr\u00eame droite et en soutien \u00e0 la d\u00e9mocratie. La manifestation [&hellip;]<\/p>\n","protected":false},"author":1,"featured_media":0,"comment_status":"open","ping_status":"open","sticky":false,"template":"","format":"standard","meta":{"footnotes":""},"categories":[1],"tags":[],"class_list":["post-2468","post","type-post","status-publish","format-standard","hentry","category-uncategorized"],"_links":{"self":[{"href":"https:\/\/iphone-gratuit.org\/articles\/wp-json\/wp\/v2\/posts\/2468","targetHints":{"allow":["GET"]}}],"collection":[{"href":"https:\/\/iphone-gratuit.org\/articles\/wp-json\/wp\/v2\/posts"}],"about":[{"href":"https:\/\/iphone-gratuit.org\/articles\/wp-json\/wp\/v2\/types\/post"}],"author":[{"embeddable":true,"href":"https:\/\/iphone-gratuit.org\/articles\/wp-json\/wp\/v2\/users\/1"}],"replies":[{"embeddable":true,"href":"https:\/\/iphone-gratuit.org\/articles\/wp-json\/wp\/v2\/comments?post=2468"}],"version-history":[{"count":1,"href":"https:\/\/iphone-gratuit.org\/articles\/wp-json\/wp\/v2\/posts\/2468\/revisions"}],"predecessor-version":[{"id":2470,"href":"https:\/\/iphone-gratuit.org\/articles\/wp-json\/wp\/v2\/posts\/2468\/revisions\/2470"}],"wp:attachment":[{"href":"https:\/\/iphone-gratuit.org\/articles\/wp-json\/wp\/v2\/media?parent=2468"}],"wp:term":[{"taxonomy":"category","embeddable":true,"href":"https:\/\/iphone-gratuit.org\/articles\/wp-json\/wp\/v2\/categories?post=2468"},{"taxonomy":"post_tag","embeddable":true,"href":"https:\/\/iphone-gratuit.org\/articles\/wp-json\/wp\/v2\/tags?post=2468"}],"curies":[{"name":"wp","href":"https:\/\/api.w.org\/{rel}","templated":true}]}}