{"id":2362,"date":"2024-01-29T20:10:00","date_gmt":"2024-01-29T19:10:00","guid":{"rendered":"https:\/\/iphone-gratuit.org\/articles\/?p=2362"},"modified":"2024-01-29T00:27:42","modified_gmt":"2024-01-28T23:27:42","slug":"donald-trump-reagit-aux-critiques-de-nikki-haley-sur-son-age-et-son-elocution","status":"publish","type":"post","link":"https:\/\/iphone-gratuit.org\/articles\/donald-trump-reagit-aux-critiques-de-nikki-haley-sur-son-age-et-son-elocution\/","title":{"rendered":"Donald Trump r\u00e9agit aux critiques de Nikki Haley sur son \u00e2ge et son \u00e9locution"},"content":{"rendered":"\n<figure class=\"wp-block-image size-full\"><img loading=\"lazy\" decoding=\"async\" width=\"714\" height=\"479\" src=\"https:\/\/iphone-gratuit.org\/articles\/wp-content\/uploads\/2024\/01\/trumps.png\" alt=\"\" class=\"wp-image-2363\" srcset=\"https:\/\/iphone-gratuit.org\/articles\/wp-content\/uploads\/2024\/01\/trumps.png 714w, https:\/\/iphone-gratuit.org\/articles\/wp-content\/uploads\/2024\/01\/trumps-300x201.png 300w\" sizes=\"auto, (max-width: 714px) 100vw, 714px\" \/><\/figure>\n\n\n\n<p>En r\u00e9ponse aux r\u00e9centes critiques formul\u00e9es par Nikki Haley, sa concurrente pour l&rsquo;investiture pr\u00e9sidentielle du Parti r\u00e9publicain, concernant son \u00e2ge et ses lapsus, l&rsquo;ancien pr\u00e9sident am\u00e9ricain Donald Trump a affirm\u00e9 qu&rsquo;il se sentait \u00ab\u00a0plus concentr\u00e9 qu&rsquo;il y a 20 ans\u00a0\u00bb. S&rsquo;exprimant lors d&rsquo;un rassemblement en Nevada samedi dernier, Trump a \u00e9galement soulign\u00e9 que les candidats \u00e0 la pr\u00e9sidence devraient passer des tests de mesure de la cognition, semblant ainsi r\u00e9pondre au d\u00e9fi lanc\u00e9 par Haley qui appelait \u00e0 la m\u00eame chose, faisant r\u00e9f\u00e9rence \u00e0 l&rsquo;\u00e2ge de Trump (77 ans) et du pr\u00e9sident d\u00e9mocrate Joe Biden (81 ans).<\/p>\n\n\n\n<p>Haley avait r\u00e9cemment qualifi\u00e9 la performance de Trump de \u00ab\u00a0confuse\u00a0\u00bb et avait dout\u00e9 de sa capacit\u00e9 \u00e0 assumer la pr\u00e9sidence \u00e0 cet \u00e2ge. Il est \u00e0 noter que Trump a r\u00e9cemment commis quelques lapsus, confondant Haley avec l&rsquo;ancienne pr\u00e9sidente de la Chambre des repr\u00e9sentants, Nancy Pelosi, membre du Parti d\u00e9mocrate, lors d&rsquo;un discours prononc\u00e9 le 19 janvier.<\/p>\n\n\n\n<p>Par moments, il semblait bafouiller ou m\u00e9langer ses mots, sugg\u00e9rant \u00e9galement que l&rsquo;ancien pr\u00e9sident d\u00e9mocrate Barack Obama est toujours en fonction.<\/p>\n\n\n\n<p>Trump semble \u00eatre assur\u00e9 de remporter toutes les voix des d\u00e9l\u00e9gu\u00e9s du Nevada au nombre de 26, car Haley ne participe pas \u00e0 cette convention du parti. Malgr\u00e9 ses victoires cons\u00e9cutives dans les primaires de l&rsquo;Iowa et du New Hampshire, ce qui fait de lui le favori pour l&rsquo;investiture de son parti pour la course \u00e0 la Maison Blanche, Trump exprime sa col\u00e8re car Haley, son dernier rival r\u00e9publicain, refuse de se retirer.<\/p>\n\n\n\n<p>Haley s&rsquo;est engag\u00e9e \u00e0 poursuivre sa campagne \u00e9lectorale en Caroline du Sud et au-del\u00e0. Peu de temps apr\u00e8s le discours de Trump, Haley est apparue lors d&rsquo;un rassemblement en Caroline du Sud, renouvelant ses propos selon lesquels Trump semblait r\u00e9cemment \u00ab\u00a0confus\u00a0\u00bb. Elle a d\u00e9clar\u00e9 que si Trump veut passer un test de mesure de la cognition, \u00ab\u00a0il ne devrait avoir aucun probl\u00e8me \u00e0 d\u00e9battre avec moi, car c&rsquo;est le test ultime de l&rsquo;aptitude mentale de toute personne se pr\u00e9sentant \u00e0 la pr\u00e9sidence\u00a0\u00bb.<\/p>\n\n\n\n<p>Trump, quant \u00e0 lui, refuse de participer \u00e0 tout d\u00e9bat pour l&rsquo;investiture du Parti r\u00e9publicain et refuse de d\u00e9battre avec Haley.<\/p>\n","protected":false},"excerpt":{"rendered":"<p>En r\u00e9ponse aux r\u00e9centes critiques formul\u00e9es par Nikki Haley, sa concurrente pour l&rsquo;investiture pr\u00e9sidentielle du Parti r\u00e9publicain, concernant son \u00e2ge et ses lapsus, l&rsquo;ancien pr\u00e9sident am\u00e9ricain Donald Trump a affirm\u00e9 qu&rsquo;il se sentait \u00ab\u00a0plus concentr\u00e9 qu&rsquo;il y a 20 ans\u00a0\u00bb. S&rsquo;exprimant lors d&rsquo;un rassemblement en Nevada samedi dernier, Trump a \u00e9galement soulign\u00e9 que les candidats [&hellip;]<\/p>\n","protected":false},"author":1,"featured_media":0,"comment_status":"open","ping_status":"open","sticky":false,"template":"","format":"standard","meta":{"footnotes":""},"categories":[1],"tags":[],"class_list":["post-2362","post","type-post","status-publish","format-standard","hentry","category-uncategorized"],"_links":{"self":[{"href":"https:\/\/iphone-gratuit.org\/articles\/wp-json\/wp\/v2\/posts\/2362","targetHints":{"allow":["GET"]}}],"collection":[{"href":"https:\/\/iphone-gratuit.org\/articles\/wp-json\/wp\/v2\/posts"}],"about":[{"href":"https:\/\/iphone-gratuit.org\/articles\/wp-json\/wp\/v2\/types\/post"}],"author":[{"embeddable":true,"href":"https:\/\/iphone-gratuit.org\/articles\/wp-json\/wp\/v2\/users\/1"}],"replies":[{"embeddable":true,"href":"https:\/\/iphone-gratuit.org\/articles\/wp-json\/wp\/v2\/comments?post=2362"}],"version-history":[{"count":1,"href":"https:\/\/iphone-gratuit.org\/articles\/wp-json\/wp\/v2\/posts\/2362\/revisions"}],"predecessor-version":[{"id":2364,"href":"https:\/\/iphone-gratuit.org\/articles\/wp-json\/wp\/v2\/posts\/2362\/revisions\/2364"}],"wp:attachment":[{"href":"https:\/\/iphone-gratuit.org\/articles\/wp-json\/wp\/v2\/media?parent=2362"}],"wp:term":[{"taxonomy":"category","embeddable":true,"href":"https:\/\/iphone-gratuit.org\/articles\/wp-json\/wp\/v2\/categories?post=2362"},{"taxonomy":"post_tag","embeddable":true,"href":"https:\/\/iphone-gratuit.org\/articles\/wp-json\/wp\/v2\/tags?post=2362"}],"curies":[{"name":"wp","href":"https:\/\/api.w.org\/{rel}","templated":true}]}}