{"id":2316,"date":"2024-01-27T20:05:13","date_gmt":"2024-01-27T19:05:13","guid":{"rendered":"https:\/\/iphone-gratuit.org\/articles\/?p=2316"},"modified":"2024-01-27T20:05:13","modified_gmt":"2024-01-27T19:05:13","slug":"pression-sur-israel-apres-la-decision-de-la-cour-internationale-de-justice","status":"publish","type":"post","link":"https:\/\/iphone-gratuit.org\/articles\/pression-sur-israel-apres-la-decision-de-la-cour-internationale-de-justice\/","title":{"rendered":"Pression sur Isra\u00ebl apr\u00e8s la d\u00e9cision de la Cour Internationale de Justice"},"content":{"rendered":"\n<figure class=\"wp-block-image size-full\"><img loading=\"lazy\" decoding=\"async\" width=\"899\" height=\"587\" src=\"https:\/\/iphone-gratuit.org\/articles\/wp-content\/uploads\/2024\/01\/inerju.png\" alt=\"\" class=\"wp-image-2317\" srcset=\"https:\/\/iphone-gratuit.org\/articles\/wp-content\/uploads\/2024\/01\/inerju.png 899w, https:\/\/iphone-gratuit.org\/articles\/wp-content\/uploads\/2024\/01\/inerju-300x196.png 300w, https:\/\/iphone-gratuit.org\/articles\/wp-content\/uploads\/2024\/01\/inerju-768x501.png 768w\" sizes=\"auto, (max-width: 899px) 100vw, 899px\" \/><\/figure>\n\n\n\n<p>Les journaux et sites web internationaux confirment, dans des rapports et des articles publi\u00e9s, que la d\u00e9cision de la Cour internationale de justice concernant la plainte d\u00e9pos\u00e9e par l&rsquo;Afrique du Sud contre Tel Aviv constitue un coup dur pour Isra\u00ebl et un sujet de pr\u00e9occupation pour son Premier ministre, Benjamin Netanyahu.<\/p>\n\n\n\n<p>Hier, la Cour internationale a approuv\u00e9 un ensemble de mesures provisoires \u00e0 l&rsquo;encontre de Tel Aviv, ne comprenant pas un cessez-le-feu. Elle a \u00e9mis une ordonnance enjoignant \u00e0 Isra\u00ebl de prendre des mesures pour pr\u00e9venir et punir l&rsquo;incitation directe au g\u00e9nocide dans sa guerre contre la bande de Gaza.<\/p>\n\n\n\n<p>Selon le site \u00ab\u00a0The Hill\u00a0\u00bb, Isra\u00ebl a re\u00e7u un \u00ab\u00a0coup\u00a0\u00bb apr\u00e8s le rejet par la Cour internationale de sa demande d&rsquo;annulation de la plainte d\u00e9pos\u00e9e par l&rsquo;Afrique du Sud concernant le g\u00e9nocide, \u00ab\u00a0la Cour consid\u00e9rant que l&rsquo;affaire \u00e9tait suffisamment raisonnable pour \u00eatre examin\u00e9e et poursuivie\u00a0\u00bb.<\/p>\n\n\n\n<p>Le site cite des analystes affirmant que la d\u00e9cision de la Cour complique les justifications d&rsquo;Isra\u00ebl pour continuer sa guerre et limite le soutien de ses alli\u00e9s.<\/p>\n\n\n\n<p>Dans le m\u00eame contexte, le journal Haaretz estime dans un article que \u00ab\u00a0les mesures adopt\u00e9es par la Cour internationale de justice, auxquelles Isra\u00ebl doit se conformer, seront une source de gros maux de t\u00eate pour Netanyahu et ses ministres extr\u00e9mistes oppos\u00e9s \u00e0 toute initiative visant \u00e0 mettre fin \u00e0 la guerre\u00a0\u00bb.<\/p>\n\n\n\n<p>Le m\u00eame journal isra\u00e9lien note que le jugement de la Cour de justice \u00ab\u00a0constitue en outre un avertissement \u00e0 Isra\u00ebl qu&rsquo;elle se rapproche de la violation de la Convention sur le g\u00e9nocide\u00a0\u00bb.<\/p>\n\n\n\n<p>Quant au Guardian, il se concentre sur la r\u00e9action d&rsquo;Isra\u00ebl \u00e0 la d\u00e9cision, \u00e9crivant dans un article que \u00ab\u00a0Tel Aviv pourrait ignorer le jugement de la Cour internationale, mais il sera difficile pour les \u00c9tats-Unis et la Grande-Bretagne de le faire\u00a0\u00bb, ajoutant que l&rsquo;ignorance du jugement soul\u00e8ve des questions sur la mani\u00e8re dont le pr\u00e9sident russe Vladimir Poutine est tenu responsable.<\/p>\n\n\n\n<p>D&rsquo;autre part, le Telegraph aborde, dans un rapport, les pr\u00e9occupations du pr\u00e9sident am\u00e9ricain Joe Biden quant au co\u00fbt politique de son soutien \u00e0 Isra\u00ebl si le nombre de victimes (martyrs) parmi les civils palestiniens continue d&rsquo;augmenter.<\/p>\n\n\n\n<p>Le Telegraph fait r\u00e9f\u00e9rence \u00e0 des rapports indiquant que Biden a exhort\u00e9 Netanyahu \u00e0 mettre fin \u00e0 la guerre avant les \u00e9lections am\u00e9ricaines, et un analyste politique a d\u00e9clar\u00e9 au journal que les pressions de Biden dans cette direction ne sont pas surprenantes, car \u00ab\u00a0les divisions menacent de nuire \u00e0 sa base \u00e9lectorale sur laquelle il s&rsquo;est appuy\u00e9 en 2020\u00a0\u00bb.<\/p>\n\n\n\n<p>Quant \u00e0 la revue Le Point, elle met en lumi\u00e8re les camps de l&rsquo;arm\u00e9e isra\u00e9lienne et les centres de d\u00e9tention auxquels des milliers de Palestiniens de Gaza ont \u00e9t\u00e9 conduits depuis le d\u00e9but de la guerre dans le secteur assi\u00e9g\u00e9. Le rapport pr\u00e9sente les t\u00e9moignages de ceux qui en sont revenus, affirmant avoir fait face \u00e0 diverses formes de torture et de mauvais traitements. Il relaie \u00e9galement les inqui\u00e9tudes des groupes de d\u00e9fense des droits de l&rsquo;homme quant \u00e0 la persistance des arrestations de civils et \u00e0 l&rsquo;absence d&rsquo;un recensement fiable de ceux que les forces isra\u00e9liennes conduisent dans les centres de d\u00e9tention.<\/p>\n","protected":false},"excerpt":{"rendered":"<p>Les journaux et sites web internationaux confirment, dans des rapports et des articles publi\u00e9s, que la d\u00e9cision de la Cour internationale de justice concernant la plainte d\u00e9pos\u00e9e par l&rsquo;Afrique du Sud contre Tel Aviv constitue un coup dur pour Isra\u00ebl et un sujet de pr\u00e9occupation pour son Premier ministre, Benjamin Netanyahu. Hier, la Cour internationale [&hellip;]<\/p>\n","protected":false},"author":2,"featured_media":0,"comment_status":"open","ping_status":"open","sticky":false,"template":"","format":"standard","meta":{"footnotes":""},"categories":[1],"tags":[],"class_list":["post-2316","post","type-post","status-publish","format-standard","hentry","category-uncategorized"],"_links":{"self":[{"href":"https:\/\/iphone-gratuit.org\/articles\/wp-json\/wp\/v2\/posts\/2316","targetHints":{"allow":["GET"]}}],"collection":[{"href":"https:\/\/iphone-gratuit.org\/articles\/wp-json\/wp\/v2\/posts"}],"about":[{"href":"https:\/\/iphone-gratuit.org\/articles\/wp-json\/wp\/v2\/types\/post"}],"author":[{"embeddable":true,"href":"https:\/\/iphone-gratuit.org\/articles\/wp-json\/wp\/v2\/users\/2"}],"replies":[{"embeddable":true,"href":"https:\/\/iphone-gratuit.org\/articles\/wp-json\/wp\/v2\/comments?post=2316"}],"version-history":[{"count":1,"href":"https:\/\/iphone-gratuit.org\/articles\/wp-json\/wp\/v2\/posts\/2316\/revisions"}],"predecessor-version":[{"id":2318,"href":"https:\/\/iphone-gratuit.org\/articles\/wp-json\/wp\/v2\/posts\/2316\/revisions\/2318"}],"wp:attachment":[{"href":"https:\/\/iphone-gratuit.org\/articles\/wp-json\/wp\/v2\/media?parent=2316"}],"wp:term":[{"taxonomy":"category","embeddable":true,"href":"https:\/\/iphone-gratuit.org\/articles\/wp-json\/wp\/v2\/categories?post=2316"},{"taxonomy":"post_tag","embeddable":true,"href":"https:\/\/iphone-gratuit.org\/articles\/wp-json\/wp\/v2\/tags?post=2316"}],"curies":[{"name":"wp","href":"https:\/\/api.w.org\/{rel}","templated":true}]}}