{"id":2251,"date":"2024-01-24T21:37:11","date_gmt":"2024-01-24T20:37:11","guid":{"rendered":"https:\/\/iphone-gratuit.org\/articles\/?p=2251"},"modified":"2024-01-24T21:37:11","modified_gmt":"2024-01-24T20:37:11","slug":"lue-exprime-son-inquietude-face-a-la-violence-au-soudan","status":"publish","type":"post","link":"https:\/\/iphone-gratuit.org\/articles\/lue-exprime-son-inquietude-face-a-la-violence-au-soudan\/","title":{"rendered":"L&rsquo;UE exprime son inqui\u00e9tude face \u00e0 la violence au Soudan"},"content":{"rendered":"\n<figure class=\"wp-block-image size-full\"><img loading=\"lazy\" decoding=\"async\" width=\"796\" height=\"447\" src=\"https:\/\/iphone-gratuit.org\/articles\/wp-content\/uploads\/2024\/01\/sudanese.png\" alt=\"\" class=\"wp-image-2252\" srcset=\"https:\/\/iphone-gratuit.org\/articles\/wp-content\/uploads\/2024\/01\/sudanese.png 796w, https:\/\/iphone-gratuit.org\/articles\/wp-content\/uploads\/2024\/01\/sudanese-300x168.png 300w, https:\/\/iphone-gratuit.org\/articles\/wp-content\/uploads\/2024\/01\/sudanese-768x431.png 768w\" sizes=\"auto, (max-width: 796px) 100vw, 796px\" \/><\/figure>\n\n\n\n<p>Le responsable de la politique \u00e9trang\u00e8re de l&rsquo;Union europ\u00e9enne, Josep Borrell, a exprim\u00e9 mercredi son inqui\u00e9tude face \u00e0 la violence raciale au Soudan, mettant en garde contre le fait que son expansion dans la r\u00e9gion repr\u00e9sente \u00ab\u00a0un danger r\u00e9el\u00a0\u00bb.<\/p>\n\n\n\n<p>Suite \u00e0 sa rencontre avec l&rsquo;envoy\u00e9 sp\u00e9cial du Secr\u00e9taire g\u00e9n\u00e9ral des Nations Unies au Soudan, Ramtane Lamamra, Borrell a d\u00e9clar\u00e9 sur la plateforme \u00ab\u00a0X\u00a0\u00bb que le Soudan abrite le plus grand nombre de d\u00e9plac\u00e9s internes dans le monde. Il a \u00e9galement soulign\u00e9 qu&rsquo;il n&rsquo;\u00e9tait pas acceptable que la crise au Soudan, qu&rsquo;il a qualifi\u00e9e de pire en Afrique, soit une \u00ab\u00a0priorit\u00e9 de second ordre\u00a0\u00bb \u00e0 l&rsquo;agenda de la communaut\u00e9 internationale.<\/p>\n\n\n\n<p>Depuis la mi-avril 2023, il est \u00e0 noter que la guerre entre l&rsquo;arm\u00e9e soudanaise et les forces de soutien rapide a \u00e9clat\u00e9 en raison de plans visant \u00e0 int\u00e9grer officiellement les forces de soutien rapide dans l&rsquo;arm\u00e9e, dans le cadre d&rsquo;un processus de transition politique apr\u00e8s quatre ans du renversement du pr\u00e9sident Omar el-B\u00e9chir, qui a gouvern\u00e9 le pays pendant une longue p\u00e9riode, renvers\u00e9 lors d&rsquo;une r\u00e9volte populaire.<\/p>\n\n\n\n<p>Jusqu&rsquo;\u00e0 pr\u00e9sent, les efforts internationaux, r\u00e9gionaux et internationaux n&rsquo;ont pas r\u00e9ussi \u00e0 persuader les parties de mettre fin \u00e0 ce conflit meurtrier, malgr\u00e9 l&rsquo;annonce de dizaines de cessez-le-feu pr\u00e9c\u00e9dents qui n&rsquo;ont pas perdur\u00e9 longtemps.<\/p>\n\n\n\n<p>La semaine derni\u00e8re, Lamamra a appel\u00e9 les dirigeants des parties en conflit \u00e0 signer et mettre en \u0153uvre un accord de cessez-le-feu conduisant \u00e0 une paix durable dans le pays.<\/p>\n\n\n\n<p>Il est \u00e0 noter que les combats en cours au Soudan ont fait plus de 13 000 morts depuis le 15 avril, selon le \u00ab\u00a0Projet sur les donn\u00e9es des zones de conflit et de leurs \u00e9v\u00e9nements\u00a0\u00bb (ACLED).<\/p>\n","protected":false},"excerpt":{"rendered":"<p>Le responsable de la politique \u00e9trang\u00e8re de l&rsquo;Union europ\u00e9enne, Josep Borrell, a exprim\u00e9 mercredi son inqui\u00e9tude face \u00e0 la violence raciale au Soudan, mettant en garde contre le fait que son expansion dans la r\u00e9gion repr\u00e9sente \u00ab\u00a0un danger r\u00e9el\u00a0\u00bb. Suite \u00e0 sa rencontre avec l&rsquo;envoy\u00e9 sp\u00e9cial du Secr\u00e9taire g\u00e9n\u00e9ral des Nations Unies au Soudan, Ramtane [&hellip;]<\/p>\n","protected":false},"author":1,"featured_media":0,"comment_status":"open","ping_status":"open","sticky":false,"template":"","format":"standard","meta":{"footnotes":""},"categories":[1],"tags":[],"class_list":["post-2251","post","type-post","status-publish","format-standard","hentry","category-uncategorized"],"_links":{"self":[{"href":"https:\/\/iphone-gratuit.org\/articles\/wp-json\/wp\/v2\/posts\/2251","targetHints":{"allow":["GET"]}}],"collection":[{"href":"https:\/\/iphone-gratuit.org\/articles\/wp-json\/wp\/v2\/posts"}],"about":[{"href":"https:\/\/iphone-gratuit.org\/articles\/wp-json\/wp\/v2\/types\/post"}],"author":[{"embeddable":true,"href":"https:\/\/iphone-gratuit.org\/articles\/wp-json\/wp\/v2\/users\/1"}],"replies":[{"embeddable":true,"href":"https:\/\/iphone-gratuit.org\/articles\/wp-json\/wp\/v2\/comments?post=2251"}],"version-history":[{"count":1,"href":"https:\/\/iphone-gratuit.org\/articles\/wp-json\/wp\/v2\/posts\/2251\/revisions"}],"predecessor-version":[{"id":2253,"href":"https:\/\/iphone-gratuit.org\/articles\/wp-json\/wp\/v2\/posts\/2251\/revisions\/2253"}],"wp:attachment":[{"href":"https:\/\/iphone-gratuit.org\/articles\/wp-json\/wp\/v2\/media?parent=2251"}],"wp:term":[{"taxonomy":"category","embeddable":true,"href":"https:\/\/iphone-gratuit.org\/articles\/wp-json\/wp\/v2\/categories?post=2251"},{"taxonomy":"post_tag","embeddable":true,"href":"https:\/\/iphone-gratuit.org\/articles\/wp-json\/wp\/v2\/tags?post=2251"}],"curies":[{"name":"wp","href":"https:\/\/api.w.org\/{rel}","templated":true}]}}