{"id":2215,"date":"2024-01-23T05:55:00","date_gmt":"2024-01-23T04:55:00","guid":{"rendered":"https:\/\/iphone-gratuit.org\/articles\/?p=2215"},"modified":"2024-01-22T20:42:54","modified_gmt":"2024-01-22T19:42:54","slug":"israel-propose-une-ile-artificielle-pour-les-palestiniens-de-gaza-dementi-et-preoccupations-internationales","status":"publish","type":"post","link":"https:\/\/iphone-gratuit.org\/articles\/israel-propose-une-ile-artificielle-pour-les-palestiniens-de-gaza-dementi-et-preoccupations-internationales\/","title":{"rendered":"Isra\u00ebl propose une \u00eele artificielle pour les Palestiniens de Gaza : D\u00e9menti et Pr\u00e9occupations Internationales"},"content":{"rendered":"\n<figure class=\"wp-block-image size-full is-resized\"><img loading=\"lazy\" decoding=\"async\" width=\"756\" height=\"506\" src=\"https:\/\/iphone-gratuit.org\/articles\/wp-content\/uploads\/2024\/01\/imgmd.png\" alt=\"\" class=\"wp-image-2216\" style=\"width:650px;height:auto\" srcset=\"https:\/\/iphone-gratuit.org\/articles\/wp-content\/uploads\/2024\/01\/imgmd.png 756w, https:\/\/iphone-gratuit.org\/articles\/wp-content\/uploads\/2024\/01\/imgmd-300x201.png 300w\" sizes=\"auto, (max-width: 756px) 100vw, 756px\" \/><\/figure>\n\n\n\n<p>La \u00ab\u00a0Times of Israel\u00a0\u00bb a rapport\u00e9 le d\u00e9menti cat\u00e9gorique du minist\u00e8re isra\u00e9lien des Affaires \u00e9trang\u00e8res concernant la proposition du ministre des Affaires \u00e9trang\u00e8res, Yisrael Katz, de d\u00e9placer les habitants de Gaza vers une \u00eele artificielle. Le minist\u00e8re a pr\u00e9cis\u00e9 que la proposition consistait \u00e0 construire un port pour Gaza sur une \u00eele artificielle.<\/p>\n\n\n\n<p>Lors d&rsquo;une r\u00e9union avec ses homologues de l&rsquo;Union europ\u00e9enne pour discuter de l&rsquo;apr\u00e8s-guerre \u00e0 Gaza, le ministre isra\u00e9lien aurait d\u00e9clar\u00e9 : \u00ab\u00a0Nous avons pr\u00e9sent\u00e9 l&rsquo;id\u00e9e d&rsquo;une \u00eele artificielle pour servir de foyer alternatif aux Palestiniens.\u00a0\u00bb Il a ajout\u00e9 que l&rsquo;\u00eele serait situ\u00e9e \u00e0 5 kilom\u00e8tres des c\u00f4tes de Gaza, avec la possibilit\u00e9 de construire un port et un a\u00e9roport pour en faire un centre commercial similaire \u00e0 Singapour.<\/p>\n\n\n\n<p>Certains ministres europ\u00e9ens auraient exprim\u00e9 leur pr\u00e9occupation face \u00e0 cette vision isra\u00e9lienne du d\u00e9placement des Palestiniens. Le chef de la politique \u00e9trang\u00e8re de l&rsquo;Union europ\u00e9enne, Josep Borrell, pr\u00e9voit de proposer un plan pour \u00e9tablir un \u00c9tat palestinien, en r\u00e9ponse aux r\u00e9centes d\u00e9clarations de Netanyahu et de ses ministres rejetant la solution \u00e0 deux \u00c9tats.<\/p>\n\n\n\n<p>Cependant, Borrell a critiqu\u00e9 la m\u00e9thode utilis\u00e9e par Isra\u00ebl pour affaiblir le Hamas, estimant qu&rsquo;elle \u00e9tait erron\u00e9e et vou\u00e9e \u00e0 l&rsquo;\u00e9chec. La ministre allemande des Affaires \u00e9trang\u00e8res, Annalena Baerbock, a soulign\u00e9 avant la r\u00e9union minist\u00e9rielle europ\u00e9enne que la solution \u00e0 deux \u00c9tats \u00e9tait la seule voie possible pour r\u00e9soudre le conflit.<\/p>\n\n\n\n<p>Parall\u00e8lement, les ministres des Affaires \u00e9trang\u00e8res de la Palestine, de l&rsquo;\u00c9gypte, de la Jordanie et d&rsquo;Arabie saoudite, ainsi que le secr\u00e9taire g\u00e9n\u00e9ral de la Ligue arabe, participent \u00e0 des rencontres \u00e0 Bruxelles en marge de la r\u00e9union des ministres europ\u00e9ens des Affaires \u00e9trang\u00e8res. Le ministre jordanien des Affaires \u00e9trang\u00e8res, Ayman Safadi, a condamn\u00e9 \u00ab\u00a0l&rsquo;agenda raciste extr\u00e9miste\u00a0\u00bb du gouvernement isra\u00e9lien, le qualifiant de d\u00e9fi au monde en rejetant la solution \u00e0 deux \u00c9tats pour mettre fin au conflit. Il a ajout\u00e9 que la seule issue de cette trag\u00e9die \u00e9tait la solution \u00e0 deux \u00c9tats, appelant la communaut\u00e9 internationale \u00e0 prendre position.<\/p>\n","protected":false},"excerpt":{"rendered":"<p>La \u00ab\u00a0Times of Israel\u00a0\u00bb a rapport\u00e9 le d\u00e9menti cat\u00e9gorique du minist\u00e8re isra\u00e9lien des Affaires \u00e9trang\u00e8res concernant la proposition du ministre des Affaires \u00e9trang\u00e8res, Yisrael Katz, de d\u00e9placer les habitants de Gaza vers une \u00eele artificielle. Le minist\u00e8re a pr\u00e9cis\u00e9 que la proposition consistait \u00e0 construire un port pour Gaza sur une \u00eele artificielle. Lors d&rsquo;une [&hellip;]<\/p>\n","protected":false},"author":1,"featured_media":0,"comment_status":"open","ping_status":"open","sticky":false,"template":"","format":"standard","meta":{"footnotes":""},"categories":[1],"tags":[],"class_list":["post-2215","post","type-post","status-publish","format-standard","hentry","category-uncategorized"],"_links":{"self":[{"href":"https:\/\/iphone-gratuit.org\/articles\/wp-json\/wp\/v2\/posts\/2215","targetHints":{"allow":["GET"]}}],"collection":[{"href":"https:\/\/iphone-gratuit.org\/articles\/wp-json\/wp\/v2\/posts"}],"about":[{"href":"https:\/\/iphone-gratuit.org\/articles\/wp-json\/wp\/v2\/types\/post"}],"author":[{"embeddable":true,"href":"https:\/\/iphone-gratuit.org\/articles\/wp-json\/wp\/v2\/users\/1"}],"replies":[{"embeddable":true,"href":"https:\/\/iphone-gratuit.org\/articles\/wp-json\/wp\/v2\/comments?post=2215"}],"version-history":[{"count":1,"href":"https:\/\/iphone-gratuit.org\/articles\/wp-json\/wp\/v2\/posts\/2215\/revisions"}],"predecessor-version":[{"id":2217,"href":"https:\/\/iphone-gratuit.org\/articles\/wp-json\/wp\/v2\/posts\/2215\/revisions\/2217"}],"wp:attachment":[{"href":"https:\/\/iphone-gratuit.org\/articles\/wp-json\/wp\/v2\/media?parent=2215"}],"wp:term":[{"taxonomy":"category","embeddable":true,"href":"https:\/\/iphone-gratuit.org\/articles\/wp-json\/wp\/v2\/categories?post=2215"},{"taxonomy":"post_tag","embeddable":true,"href":"https:\/\/iphone-gratuit.org\/articles\/wp-json\/wp\/v2\/tags?post=2215"}],"curies":[{"name":"wp","href":"https:\/\/api.w.org\/{rel}","templated":true}]}}