{"id":2209,"date":"2024-01-22T23:30:00","date_gmt":"2024-01-22T22:30:00","guid":{"rendered":"https:\/\/iphone-gratuit.org\/articles\/?p=2209"},"modified":"2024-01-22T20:38:49","modified_gmt":"2024-01-22T19:38:49","slug":"a-davos-entre-conservatisme-ideologique-et-defense-de-linnovation-technologique","status":"publish","type":"post","link":"https:\/\/iphone-gratuit.org\/articles\/a-davos-entre-conservatisme-ideologique-et-defense-de-linnovation-technologique\/","title":{"rendered":"\u00c0 Davos : Entre Conservatisme Id\u00e9ologique et D\u00e9fense de l&rsquo;Innovation Technologique"},"content":{"rendered":"\n<figure class=\"wp-block-image size-full\"><img loading=\"lazy\" decoding=\"async\" width=\"670\" height=\"410\" src=\"https:\/\/iphone-gratuit.org\/articles\/wp-content\/uploads\/2024\/01\/richshr.png\" alt=\"\" class=\"wp-image-2210\" srcset=\"https:\/\/iphone-gratuit.org\/articles\/wp-content\/uploads\/2024\/01\/richshr.png 670w, https:\/\/iphone-gratuit.org\/articles\/wp-content\/uploads\/2024\/01\/richshr-300x184.png 300w\" sizes=\"auto, (max-width: 670px) 100vw, 670px\" \/><\/figure>\n\n\n\n<p>Malgr\u00e9 tout, les repr\u00e9sentants se sont avanc\u00e9s sur la sc\u00e8ne dans une tentative de dessiner l&rsquo;avenir, mais leurs programmes ne changent pas, \u00e0 l&rsquo;image de Klaus Schwab, \u00e0 la t\u00eate du Forum de Davos \u00e0 l&rsquo;\u00e2ge de 86 ans. Tous s&rsquo;efforcent ardemment, de toutes les mani\u00e8res possibles, de maintenir l&rsquo;influence immense qu&rsquo;ils ont acquise au cours des trois derni\u00e8res d\u00e9cennies, imposant leurs id\u00e9ologies, th\u00e9ories et volont\u00e9s \u00e0 tous les gouvernements.<\/p>\n\n\n\n<p>En r\u00e9ponse aux multiples d\u00e9fis et pour faire face \u00e0 la \u00ab\u00a0crise multiforme\u00a0\u00bb, selon l&rsquo;\u00e9conomiste Adam Tooze, ils soutiennent de plus en plus un virage non lib\u00e9ral caract\u00e9ris\u00e9 par une d\u00e9fense sans limite et une foi aveugle en des solutions technologiques.<\/p>\n\n\n\n<p>Depuis longtemps, les dirigeants de ce monde sont convaincus que la technologie sera la solution pour r\u00e9soudre le changement climatique, le d\u00e9clin de la productivit\u00e9 dans les \u00e9conomies occidentales, et tous les autres probl\u00e8mes qui pourraient surgir.<\/p>\n\n\n\n<p>Apr\u00e8s avoir \u00e9t\u00e9 d\u00e9pass\u00e9s par la rapidit\u00e9 des innovations et des discussions, notamment lors de la crise de la \u00ab\u00a0R\u00e9union sur l&rsquo;intelligence artificielle ouverte\u00a0\u00bb, ils ont d\u00e9cid\u00e9 de tirer parti de Davos pour rattraper le retard. Sam Altman a \u00e9t\u00e9 r\u00e9int\u00e9gr\u00e9 en tant que chef du groupe fondateur de \u00ab\u00a0OpenAI\u00a0\u00bb et a \u00e9t\u00e9 accueilli en tant qu&rsquo;\u00e9ducateur. Altman a expliqu\u00e9 au public que les inqui\u00e9tudes concernant l&rsquo;intelligence artificielle sont justifi\u00e9es, mais exag\u00e9r\u00e9es. Il a ajout\u00e9 que l&rsquo;intelligence artificielle est loin d&rsquo;\u00eatre parfaite, avec encore de nombreuses zones grises et d\u00e9fauts, mais il estime que nous devons accepter de prendre des d\u00e9cisions \u00ab\u00a0inconfortables\u00a0\u00bb.<\/p>\n\n\n\n<p>Pour Altman, la seule chose certaine &#8211; selon le site &#8211; est que ces nouvelles zones ne doivent pas \u00eatre r\u00e9glement\u00e9es dans n&rsquo;importe quelles circonstances, ou du moins pas pour le moment, car les d\u00e9veloppements sont encore trop r\u00e9cents pour permettre l&rsquo;imposition de limites qui pourraient restreindre l&rsquo;innovation, ce qui a \u00e9t\u00e9 accept\u00e9 par les participants consid\u00e9rant toute r\u00e9gulation comme un obstacle \u00e0 la libert\u00e9.<\/p>\n\n\n\n<p>Dans ce contexte, le nouveau pr\u00e9sident argentin, Javier Milei, est intervenu, participant pour la premi\u00e8re fois \u00e0 une r\u00e9union internationale et pronon\u00e7ant un discours audacieux, r\u00e9p\u00e9tant tous ses slogans lib\u00e9rateurs, selon l&rsquo;\u00e9crivaine. Il a d\u00e9clar\u00e9 : \u00ab\u00a0Je suis ici parce que l&rsquo;Occident est en danger, parce que les valeurs actuellement d\u00e9fendues conduisent in\u00e9vitablement vers le socialisme et la pauvret\u00e9\u00a0\u00bb. Il a critiqu\u00e9 le mouvement f\u00e9ministe, l&rsquo;environnementalisme, les lois sociales, le droit du travail, et bien d&rsquo;autres choses, adoptant le vieux slogan de la nouvelle lib\u00e9ralisme.<\/p>\n\n\n\n<p>Il a d\u00e9clar\u00e9 que \u00ab\u00a0l&rsquo;\u00c9tat n&rsquo;est pas la solution, voire le probl\u00e8me, c&rsquo;est l&rsquo;ennemi qui doit \u00eatre vaincu\u00a0\u00bb, mais le public a \u00e9t\u00e9 g\u00ean\u00e9 par le discours de Milei car il a soulev\u00e9 un miroir d\u00e9formant au point de caricaturer les discours et les observations qu&rsquo;ils ont faits au cours des derni\u00e8res d\u00e9cennies.<\/p>\n\n\n\n<p>Pour la plupart de ces pr\u00e9sidents, banquiers et financiers, il ne s&rsquo;agissait finalement pas de se priver de l&rsquo;\u00c9tat, mais plut\u00f4t d&rsquo;agir de mani\u00e8re \u00e0 orienter toutes les ressources publiques vers leurs propres int\u00e9r\u00eats. La p\u00e9riode de \u00ab\u00a0Covid-19\u00a0\u00bb, la crise \u00e9nerg\u00e9tique, l&rsquo;inflation, et les guerres en Ukraine et au Moyen-Orient ont renforc\u00e9 ce mouvement d&rsquo;appropriation, car ils veulent l&rsquo;amplifier.<\/p>\n","protected":false},"excerpt":{"rendered":"<p>Malgr\u00e9 tout, les repr\u00e9sentants se sont avanc\u00e9s sur la sc\u00e8ne dans une tentative de dessiner l&rsquo;avenir, mais leurs programmes ne changent pas, \u00e0 l&rsquo;image de Klaus Schwab, \u00e0 la t\u00eate du Forum de Davos \u00e0 l&rsquo;\u00e2ge de 86 ans. Tous s&rsquo;efforcent ardemment, de toutes les mani\u00e8res possibles, de maintenir l&rsquo;influence immense qu&rsquo;ils ont acquise au [&hellip;]<\/p>\n","protected":false},"author":1,"featured_media":0,"comment_status":"open","ping_status":"open","sticky":false,"template":"","format":"standard","meta":{"footnotes":""},"categories":[1],"tags":[],"class_list":["post-2209","post","type-post","status-publish","format-standard","hentry","category-uncategorized"],"_links":{"self":[{"href":"https:\/\/iphone-gratuit.org\/articles\/wp-json\/wp\/v2\/posts\/2209","targetHints":{"allow":["GET"]}}],"collection":[{"href":"https:\/\/iphone-gratuit.org\/articles\/wp-json\/wp\/v2\/posts"}],"about":[{"href":"https:\/\/iphone-gratuit.org\/articles\/wp-json\/wp\/v2\/types\/post"}],"author":[{"embeddable":true,"href":"https:\/\/iphone-gratuit.org\/articles\/wp-json\/wp\/v2\/users\/1"}],"replies":[{"embeddable":true,"href":"https:\/\/iphone-gratuit.org\/articles\/wp-json\/wp\/v2\/comments?post=2209"}],"version-history":[{"count":1,"href":"https:\/\/iphone-gratuit.org\/articles\/wp-json\/wp\/v2\/posts\/2209\/revisions"}],"predecessor-version":[{"id":2211,"href":"https:\/\/iphone-gratuit.org\/articles\/wp-json\/wp\/v2\/posts\/2209\/revisions\/2211"}],"wp:attachment":[{"href":"https:\/\/iphone-gratuit.org\/articles\/wp-json\/wp\/v2\/media?parent=2209"}],"wp:term":[{"taxonomy":"category","embeddable":true,"href":"https:\/\/iphone-gratuit.org\/articles\/wp-json\/wp\/v2\/categories?post=2209"},{"taxonomy":"post_tag","embeddable":true,"href":"https:\/\/iphone-gratuit.org\/articles\/wp-json\/wp\/v2\/tags?post=2209"}],"curies":[{"name":"wp","href":"https:\/\/api.w.org\/{rel}","templated":true}]}}