{"id":2159,"date":"2024-01-20T08:01:00","date_gmt":"2024-01-20T07:01:00","guid":{"rendered":"https:\/\/iphone-gratuit.org\/articles\/?p=2159"},"modified":"2024-01-19T23:17:47","modified_gmt":"2024-01-19T22:17:47","slug":"rechauffement-des-relations-entre-le-pakistan-et-liran-apres-des-frappes-frontalieres-tendues","status":"publish","type":"post","link":"https:\/\/iphone-gratuit.org\/articles\/rechauffement-des-relations-entre-le-pakistan-et-liran-apres-des-frappes-frontalieres-tendues\/","title":{"rendered":"R\u00e9chauffement des Relations entre le Pakistan et l&rsquo;Iran apr\u00e8s des Frappes Frontali\u00e8res Tendues"},"content":{"rendered":"\n<figure class=\"wp-block-image size-full\"><img loading=\"lazy\" decoding=\"async\" width=\"795\" height=\"448\" src=\"https:\/\/iphone-gratuit.org\/articles\/wp-content\/uploads\/2024\/01\/iran.png\" alt=\"\" class=\"wp-image-2160\" srcset=\"https:\/\/iphone-gratuit.org\/articles\/wp-content\/uploads\/2024\/01\/iran.png 795w, https:\/\/iphone-gratuit.org\/articles\/wp-content\/uploads\/2024\/01\/iran-300x169.png 300w, https:\/\/iphone-gratuit.org\/articles\/wp-content\/uploads\/2024\/01\/iran-768x433.png 768w\" sizes=\"auto, (max-width: 795px) 100vw, 795px\" \/><\/figure>\n\n\n\n<p>\u00ab\u00a0Apr\u00e8s les tensions vives qui ont pr\u00e9valu dans les relations entre les deux pays ces derniers jours, \u00e9voluant vers des frappes frontali\u00e8res mutuelles contre un groupe militant, le bureau du Premier ministre pakistanais a soulign\u00e9 vendredi que le Pakistan et l&rsquo;Iran sont capables de surmonter ensemble les divergences mineures par le dialogue et la diplomatie.<\/p>\n\n\n\n<p>Le bureau a affirm\u00e9 que le Pakistan accueillera favorablement et r\u00e9pondra de mani\u00e8re \u00e9quivalente \u00e0 toutes les mesures positives prises par le c\u00f4t\u00e9 iranien, selon Reuters. Cela intervient apr\u00e8s que le Pakistan a annonc\u00e9 plus t\u00f4t vendredi qu&rsquo;il \u00e9tait parvenu \u00e0 un \u00ab\u00a0apaisement\u00a0\u00bb avec l&rsquo;Iran.<\/p>\n\n\n\n<p>Un communiqu\u00e9 pakistanais sur un appel t\u00e9l\u00e9phonique entre les ministres des Affaires \u00e9trang\u00e8res des deux pays indique que les responsables \u00ab\u00a0ont convenu de la n\u00e9cessit\u00e9 de renforcer la coop\u00e9ration dans le domaine du travail et de la coordination \u00e9troite sur la lutte contre le terrorisme et d&rsquo;autres domaines d&rsquo;int\u00e9r\u00eat commun\u00a0\u00bb, selon l&rsquo;AFP.<\/p>\n\n\n\n<p>Un responsable du minist\u00e8re iranien des Affaires \u00e9trang\u00e8res a d\u00e9clar\u00e9 vendredi que les ambassadeurs du Pakistan et de l&rsquo;Iran \u00e9taient sur le point de retourner dans leurs ambassades \u00e0 T\u00e9h\u00e9ran et Islamabad.<\/p>\n\n\n\n<p>Le directeur g\u00e9n\u00e9ral des Affaires de l&rsquo;Asie du Sud au minist\u00e8re a ajout\u00e9 que les ministres des Affaires \u00e9trang\u00e8res iranien, Hussein Amir Abdollahian, et pakistanais, Shah Mahmood Qureshi, ont eu des entretiens t\u00e9l\u00e9phoniques \u00ab\u00a0tr\u00e8s constructifs\u00a0\u00bb pour r\u00e9tablir les relations \u00e0 leur niveau normal, selon l&rsquo;agence iranienne \u00ab\u00a0Tasnim\u00a0\u00bb.<\/p>\n\n\n\n<p>Il a \u00e9galement ajout\u00e9 qu&rsquo;il y avait des discussions sur le retour imminent des ambassadeurs des deux pays.<\/p>\n\n\n\n<p>De son c\u00f4t\u00e9, l&rsquo;agence \u00ab\u00a0IRNA\u00a0\u00bb a rapport\u00e9 que le ministre pakistanais des Affaires \u00e9trang\u00e8res a invit\u00e9 son homologue iranien \u00e0 visiter Islamabad.<\/p>\n\n\n\n<p>Il est \u00e0 noter qu&rsquo;Islamabad a effectu\u00e9 jeudi des frappes \u00e0 l&rsquo;int\u00e9rieur du territoire iranien contre l&rsquo;Arm\u00e9e de lib\u00e9ration du Baloutchistan, qualifi\u00e9e de terroriste, provoquant la mort de 9 personnes dans la province du Sistan-Baloutchistan en Iran. T\u00e9h\u00e9ran a condamn\u00e9 ces frappes et a rappel\u00e9 l&rsquo;ambassadeur pakistanais pour exiger des explications.<\/p>\n\n\n\n<p>De plus, un haut responsable de l&rsquo;arm\u00e9e pakistanaise a averti que son pays \u00e9tait pr\u00eat \u00e0 r\u00e9pondre de nouveau \u00e0 toute aventure iranienne imprudente et impr\u00e9visible.<\/p>\n\n\n\n<p>Il convient de noter que la frappe pakistanaise a eu lieu apr\u00e8s que l&rsquo;Iran ait, \u00e0 son tour, bombard\u00e9 mardi des sites \u00e0 l&rsquo;int\u00e9rieur du territoire pakistanais, ciblant le groupe \u00ab\u00a0Arm\u00e9e de la justice\u00a0\u00bb class\u00e9 comme terroriste.<\/p>\n\n\n\n<p>T\u00e9h\u00e9ran et Islamabad s&rsquo;accusent souvent de permettre \u00e0 des militants de \u00ab\u00a0l&rsquo;Arm\u00e9e de la justice\u00a0\u00bb ou de \u00ab\u00a0l&rsquo;Arm\u00e9e de lib\u00e9ration du Baloutchistan\u00a0\u00bb d&rsquo;utiliser les territoires de l&rsquo;autre \u00c9tat pour mener des attaques.<\/p>\n\n\n\n<p>Cependant, ces accusations se sont rarement transform\u00e9es en une intervention militaire directe, comme cela s&rsquo;est r\u00e9cemment produit, suscitant des inqui\u00e9tudes internationales.\u00a0\u00bb<\/p>\n","protected":false},"excerpt":{"rendered":"<p>\u00ab\u00a0Apr\u00e8s les tensions vives qui ont pr\u00e9valu dans les relations entre les deux pays ces derniers jours, \u00e9voluant vers des frappes frontali\u00e8res mutuelles contre un groupe militant, le bureau du Premier ministre pakistanais a soulign\u00e9 vendredi que le Pakistan et l&rsquo;Iran sont capables de surmonter ensemble les divergences mineures par le dialogue et la diplomatie. [&hellip;]<\/p>\n","protected":false},"author":1,"featured_media":0,"comment_status":"open","ping_status":"open","sticky":false,"template":"","format":"standard","meta":{"footnotes":""},"categories":[1],"tags":[],"class_list":["post-2159","post","type-post","status-publish","format-standard","hentry","category-uncategorized"],"_links":{"self":[{"href":"https:\/\/iphone-gratuit.org\/articles\/wp-json\/wp\/v2\/posts\/2159","targetHints":{"allow":["GET"]}}],"collection":[{"href":"https:\/\/iphone-gratuit.org\/articles\/wp-json\/wp\/v2\/posts"}],"about":[{"href":"https:\/\/iphone-gratuit.org\/articles\/wp-json\/wp\/v2\/types\/post"}],"author":[{"embeddable":true,"href":"https:\/\/iphone-gratuit.org\/articles\/wp-json\/wp\/v2\/users\/1"}],"replies":[{"embeddable":true,"href":"https:\/\/iphone-gratuit.org\/articles\/wp-json\/wp\/v2\/comments?post=2159"}],"version-history":[{"count":1,"href":"https:\/\/iphone-gratuit.org\/articles\/wp-json\/wp\/v2\/posts\/2159\/revisions"}],"predecessor-version":[{"id":2161,"href":"https:\/\/iphone-gratuit.org\/articles\/wp-json\/wp\/v2\/posts\/2159\/revisions\/2161"}],"wp:attachment":[{"href":"https:\/\/iphone-gratuit.org\/articles\/wp-json\/wp\/v2\/media?parent=2159"}],"wp:term":[{"taxonomy":"category","embeddable":true,"href":"https:\/\/iphone-gratuit.org\/articles\/wp-json\/wp\/v2\/categories?post=2159"},{"taxonomy":"post_tag","embeddable":true,"href":"https:\/\/iphone-gratuit.org\/articles\/wp-json\/wp\/v2\/tags?post=2159"}],"curies":[{"name":"wp","href":"https:\/\/api.w.org\/{rel}","templated":true}]}}