{"id":2149,"date":"2024-01-19T22:32:54","date_gmt":"2024-01-19T21:32:54","guid":{"rendered":"https:\/\/iphone-gratuit.org\/articles\/?p=2149"},"modified":"2024-01-19T22:32:54","modified_gmt":"2024-01-19T21:32:54","slug":"le-pakistan-et-liran-mettent-fin-a-la-crise-et-retablissent-les-relations-diplomatiques","status":"publish","type":"post","link":"https:\/\/iphone-gratuit.org\/articles\/le-pakistan-et-liran-mettent-fin-a-la-crise-et-retablissent-les-relations-diplomatiques\/","title":{"rendered":"Le Pakistan et l&rsquo;Iran mettent fin \u00e0 la crise et r\u00e9tablissent les relations diplomatiques"},"content":{"rendered":"\n<figure class=\"wp-block-image size-full\"><img loading=\"lazy\" decoding=\"async\" width=\"764\" height=\"509\" src=\"https:\/\/iphone-gratuit.org\/articles\/wp-content\/uploads\/2024\/01\/pakis-1.png\" alt=\"\" class=\"wp-image-2150\" srcset=\"https:\/\/iphone-gratuit.org\/articles\/wp-content\/uploads\/2024\/01\/pakis-1.png 764w, https:\/\/iphone-gratuit.org\/articles\/wp-content\/uploads\/2024\/01\/pakis-1-300x200.png 300w\" sizes=\"auto, (max-width: 764px) 100vw, 764px\" \/><\/figure>\n\n\n\n<p>Les m\u00e9dias pakistanais ont rapport\u00e9 que le Pakistan a d\u00e9cid\u00e9 aujourd&rsquo;hui, vendredi, de mettre fin \u00e0 la crise avec l&rsquo;Iran et de r\u00e9tablir les relations diplomatiques avec elle. Les deux pays ont \u00e9galement convenu de la d\u00e9sescalade apr\u00e8s les tensions suscit\u00e9es par les frappes mutuelles contre des groupes arm\u00e9s de part et d&rsquo;autre de la fronti\u00e8re.<\/p>\n\n\n\n<p>La cha\u00eene de t\u00e9l\u00e9vision \u00ab\u00a0Geo\u00a0\u00bb a cit\u00e9 des sources indiquant qu&rsquo;une r\u00e9union s\u00e9curitaire, comprenant le Premier ministre par int\u00e9rim Anwar ul Haq Kakar, le chef de l&rsquo;arm\u00e9e et le chef des services de renseignement, a approuv\u00e9 des mesures pour r\u00e9tablir des relations diplomatiques compl\u00e8tes avec l&rsquo;Iran.<\/p>\n\n\n\n<p>Le bureau de Kakar, cit\u00e9 par Reuters, a d\u00e9clar\u00e9 qu&rsquo;Islamabad et T\u00e9h\u00e9ran seraient en mesure de surmonter la tension limit\u00e9e par le dialogue.<\/p>\n\n\n\n<p>Le ministre de l&rsquo;Information pakistanais, Murtaza Solangi, a d\u00e9clar\u00e9 que la r\u00e9union de s\u00e9curit\u00e9 avait examin\u00e9 une r\u00e9vision compl\u00e8te de la s\u00e9curit\u00e9 nationale \u00e0 la lumi\u00e8re des r\u00e9cents \u00e9v\u00e9nements.<\/p>\n\n\n\n<p>La r\u00e9union de s\u00e9curit\u00e9 a \u00e9t\u00e9 convoqu\u00e9e apr\u00e8s des frappes iraniennes au missile et aux drones qui ont vis\u00e9 mercredi dernier ce que T\u00e9h\u00e9ran a d\u00e9crit comme des sites du groupe arm\u00e9 \u00ab\u00a0Jaish al-Adl\u00a0\u00bb dans la province pakistanaise du Baloutchistan, \u00e0 la fronti\u00e8re avec l&rsquo;Iran.<\/p>\n\n\n\n<p>En r\u00e9ponse aux frappes iraniennes, le Pakistan a ripost\u00e9 jeudi en bombardant des sites pr\u00e9sum\u00e9s du groupe \u00ab\u00a0Balochistan Liberation Army\u00a0\u00bb dans la province du Sistan-Baloutchistan en Iran. Les frappes mutuelles ont caus\u00e9 la mort de plusieurs personnes des deux c\u00f4t\u00e9s, selon des donn\u00e9es officielles.<\/p>\n\n\n\n<p>Protestant contre les frappes iraniennes, Islamabad a rappel\u00e9 son ambassadeur de T\u00e9h\u00e9ran et a annonc\u00e9 que l&rsquo;ambassadeur iranien en poste dans le pays ne serait pas autoris\u00e9 \u00e0 revenir au Pakistan.<\/p>\n\n\n\n<p>Auparavant, T\u00e9h\u00e9ran avait rappel\u00e9 le charg\u00e9 d&rsquo;affaires pakistanais et le Premier ministre int\u00e9rimaire du Pakistan avait annul\u00e9 sa visite \u00e0 Davos en Suisse, o\u00f9 il \u00e9tait cens\u00e9 participer au Forum \u00e9conomique mondial.<\/p>\n\n\n\n<p>Pendant ce temps, le minist\u00e8re des Affaires \u00e9trang\u00e8res pakistanais a d\u00e9clar\u00e9 aujourd&rsquo;hui que le Pakistan et l&rsquo;Iran avaient convenu de r\u00e9duire l&rsquo;escalade et de respecter la souverainet\u00e9 territoriale de chaque pays.<\/p>\n\n\n\n<p>Le minist\u00e8re a ajout\u00e9, dans un communiqu\u00e9 apr\u00e8s un appel t\u00e9l\u00e9phonique entre le ministre pakistanais des Affaires \u00e9trang\u00e8res, Jalil Abbas Jilani, et son homologue iranien, Hossein Amir Abdollahian, que les deux ministres \u00ab\u00a0ont convenu de la n\u00e9cessit\u00e9 de renforcer la coop\u00e9ration dans les domaines du travail et de la coordination \u00e9troite sur la lutte contre le terrorisme, ainsi que d&rsquo;autres domaines d&rsquo;int\u00e9r\u00eat commun\u00a0\u00bb.<\/p>\n\n\n\n<p>Le minist\u00e8re pakistanais des Affaires \u00e9trang\u00e8res a indiqu\u00e9 que Jilani a soulign\u00e9 la n\u00e9cessit\u00e9 d&rsquo;une coop\u00e9ration plus \u00e9troite dans les questions de s\u00e9curit\u00e9 entre les deux pays et a exprim\u00e9 la disposition d&rsquo;Islamabad \u00e0 travailler avec T\u00e9h\u00e9ran sur toutes les questions.<\/p>\n\n\n\n<p>En retour, Abdollahian a d\u00e9clar\u00e9, dans une d\u00e9claration, qu&rsquo;il avait assur\u00e9 \u00e0 son homologue pakistanais le respect de T\u00e9h\u00e9ran pour la souverainet\u00e9 et l&rsquo;unit\u00e9 territoriale du Pakistan, soulignant la n\u00e9cessit\u00e9 de neutraliser et de d\u00e9truire ce qu&rsquo;il a qualifi\u00e9 de \u00ab\u00a0camps terroristes\u00a0\u00bb au Pakistan.<\/p>\n\n\n\n<p>Le ministre pakistanais des Affaires \u00e9trang\u00e8res a d\u00e9clar\u00e9 hier qu&rsquo;il avait assur\u00e9 \u00e0 son homologue turc, Hakan Fidan, lors d&rsquo;un appel t\u00e9l\u00e9phonique, que l&rsquo;op\u00e9ration r\u00e9cente en Iran visait ce qu&rsquo;il a d\u00e9crit comme des \u00ab\u00a0camps terroristes\u00a0\u00bb, et que le Pakistan n&rsquo;avait aucun int\u00e9r\u00eat ni d\u00e9sir d&rsquo;escalader avec l&rsquo;Iran.<\/p>\n\n\n\n<p>En r\u00e9ponse \u00e0 la crise, la Turquie et la Chine ont propos\u00e9 de faciliter la r\u00e9solution du conflit entre le Pakistan et l&rsquo;Iran, tandis que les \u00c9tats-Unis et les Nations unies ont exhort\u00e9 les deux pays \u00e0 faire preuve de retenue. La Russie a d\u00e9clar\u00e9 qu&rsquo;elle \u00e9tait en contact avec les deux parties, pr\u00eate \u00e0 intervenir, affirmant que l&rsquo;escalade \u00e9tait partiellement le r\u00e9sultat de la crise \u00e0 Gaza.<\/p>\n","protected":false},"excerpt":{"rendered":"<p>Les m\u00e9dias pakistanais ont rapport\u00e9 que le Pakistan a d\u00e9cid\u00e9 aujourd&rsquo;hui, vendredi, de mettre fin \u00e0 la crise avec l&rsquo;Iran et de r\u00e9tablir les relations diplomatiques avec elle. Les deux pays ont \u00e9galement convenu de la d\u00e9sescalade apr\u00e8s les tensions suscit\u00e9es par les frappes mutuelles contre des groupes arm\u00e9s de part et d&rsquo;autre de la [&hellip;]<\/p>\n","protected":false},"author":1,"featured_media":0,"comment_status":"open","ping_status":"open","sticky":false,"template":"","format":"standard","meta":{"footnotes":""},"categories":[1],"tags":[],"class_list":["post-2149","post","type-post","status-publish","format-standard","hentry","category-uncategorized"],"_links":{"self":[{"href":"https:\/\/iphone-gratuit.org\/articles\/wp-json\/wp\/v2\/posts\/2149","targetHints":{"allow":["GET"]}}],"collection":[{"href":"https:\/\/iphone-gratuit.org\/articles\/wp-json\/wp\/v2\/posts"}],"about":[{"href":"https:\/\/iphone-gratuit.org\/articles\/wp-json\/wp\/v2\/types\/post"}],"author":[{"embeddable":true,"href":"https:\/\/iphone-gratuit.org\/articles\/wp-json\/wp\/v2\/users\/1"}],"replies":[{"embeddable":true,"href":"https:\/\/iphone-gratuit.org\/articles\/wp-json\/wp\/v2\/comments?post=2149"}],"version-history":[{"count":1,"href":"https:\/\/iphone-gratuit.org\/articles\/wp-json\/wp\/v2\/posts\/2149\/revisions"}],"predecessor-version":[{"id":2151,"href":"https:\/\/iphone-gratuit.org\/articles\/wp-json\/wp\/v2\/posts\/2149\/revisions\/2151"}],"wp:attachment":[{"href":"https:\/\/iphone-gratuit.org\/articles\/wp-json\/wp\/v2\/media?parent=2149"}],"wp:term":[{"taxonomy":"category","embeddable":true,"href":"https:\/\/iphone-gratuit.org\/articles\/wp-json\/wp\/v2\/categories?post=2149"},{"taxonomy":"post_tag","embeddable":true,"href":"https:\/\/iphone-gratuit.org\/articles\/wp-json\/wp\/v2\/tags?post=2149"}],"curies":[{"name":"wp","href":"https:\/\/api.w.org\/{rel}","templated":true}]}}