{"id":2113,"date":"2024-01-17T20:44:00","date_gmt":"2024-01-17T19:44:00","guid":{"rendered":"https:\/\/iphone-gratuit.org\/articles\/?p=2113"},"modified":"2024-01-17T16:39:08","modified_gmt":"2024-01-17T15:39:08","slug":"tensions-entre-le-pakistan-et-liran-rappel-des-ambassadeurs-et-condamnation-de-lattaque-aerienne-transfrontaliere","status":"publish","type":"post","link":"https:\/\/iphone-gratuit.org\/articles\/tensions-entre-le-pakistan-et-liran-rappel-des-ambassadeurs-et-condamnation-de-lattaque-aerienne-transfrontaliere\/","title":{"rendered":"Tensions entre le Pakistan et l&rsquo;Iran : rappel des ambassadeurs et condamnation de l&rsquo;attaque a\u00e9rienne transfrontali\u00e8re"},"content":{"rendered":"\n<figure class=\"wp-block-image size-full\"><img loading=\"lazy\" decoding=\"async\" width=\"748\" height=\"339\" src=\"https:\/\/iphone-gratuit.org\/articles\/wp-content\/uploads\/2024\/01\/pakist.png\" alt=\"\" class=\"wp-image-2115\" srcset=\"https:\/\/iphone-gratuit.org\/articles\/wp-content\/uploads\/2024\/01\/pakist.png 748w, https:\/\/iphone-gratuit.org\/articles\/wp-content\/uploads\/2024\/01\/pakist-300x136.png 300w\" sizes=\"auto, (max-width: 748px) 100vw, 748px\" \/><\/figure>\n\n\n\n<p>Le Pakistan a d\u00e9cid\u00e9 de rappeler son ambassadeur de T\u00e9h\u00e9ran et de ne pas autoriser le retour de l&rsquo;ambassadeur iranien actuellement en visite dans le pays, suite \u00e0 l&rsquo;attaque a\u00e9rienne men\u00e9e par l&rsquo;Iran \u00e0 l&rsquo;int\u00e9rieur du territoire pakistanais hier mardi.<\/p>\n\n\n\n<p>La porte-parole du minist\u00e8re des Affaires \u00e9trang\u00e8res pakistanais, Moutaz Zahra Baloch, a d\u00e9clar\u00e9 dans un communiqu\u00e9 aujourd&rsquo;hui mercredi que le Pakistan condamne vivement la violation injustifi\u00e9e de l&rsquo;espace a\u00e9rien par l&rsquo;Iran, qui a entra\u00een\u00e9 la mort de deux enfants innocents et bless\u00e9 trois filles.<\/p>\n\n\n\n<p>Baloch a ajout\u00e9 que la violation \u00e9tait claire et injustifi\u00e9e de la souverainet\u00e9 du Pakistan et \u00e9tait \u00ab\u00a0inacceptable\u00a0\u00bb, pouvant entra\u00eener des \u00ab\u00a0cons\u00e9quences graves\u00a0\u00bb. Elle a confirm\u00e9 que le Pakistan se r\u00e9servait le droit de r\u00e9pondre \u00e0 cette action ill\u00e9gale.<\/p>\n\n\n\n<p>Mardi soir, le minist\u00e8re des Affaires \u00e9trang\u00e8res pakistanais a annonc\u00e9 que deux enfants ont \u00e9t\u00e9 tu\u00e9s et trois filles ont \u00e9t\u00e9 bless\u00e9es lors d&rsquo;une frappe a\u00e9rienne iranienne dans la r\u00e9gion de Bannuor dans la province du Baloutchistan, au sud-ouest du pays. En r\u00e9ponse, l&rsquo;agence de presse iranienne Tasnim a rapport\u00e9 que les frappes iraniennes \u00e0 l&rsquo;int\u00e9rieur du Pakistan voisin ont d\u00e9truit deux bases utilis\u00e9es par le groupe \u00ab\u00a0Jaish al-Adl\u00a0\u00bb.<\/p>\n\n\n\n<p>Le lendemain de cette annonce, le ministre iranien des Affaires \u00e9trang\u00e8res, Hossein Amir Abdollahian, a confirm\u00e9 que T\u00e9h\u00e9ran avait cibl\u00e9 une \u00ab\u00a0groupe terroriste iranien\u00a0\u00bb au Pakistan voisin. Il a d\u00e9clar\u00e9 lors du Forum \u00e9conomique mondial de Davos \u00ab\u00a0En ce qui concerne le Pakistan, aucun citoyen du pays fr\u00e8re et ami n&rsquo;a \u00e9t\u00e9 vis\u00e9 par les missiles et drones iraniens\u00a0\u00bb, ajoutant que la cible \u00e9tait le groupe terroriste Jaish al-Adl, qualifi\u00e9 d&rsquo;iranien.<\/p>\n\n\n\n<p>Souverainet\u00e9 du Pakistan<br>Le minist\u00e8re des Affaires \u00e9trang\u00e8res iranien a d\u00e9clar\u00e9 qu&rsquo;Abdollahian avait assur\u00e9 \u00e0 son homologue pakistanais lors d&rsquo;un appel t\u00e9l\u00e9phonique le respect par l&rsquo;Iran de la souverainet\u00e9 et de l&rsquo;int\u00e9grit\u00e9 territoriale du Pakistan.<\/p>\n\n\n\n<p>Le groupe Jaish al-Adl a \u00e9t\u00e9 cr\u00e9\u00e9 en 2012 dans la r\u00e9gion du Sistan-et-Baloutchistan et son chef est Abdul Rahim Molla Zadeh, qui publie des d\u00e9clarations au nom de \u00ab\u00a0Salahuddin Farooqi\u00a0\u00bb et est n\u00e9 en 1979 dans la ville de Rask, situ\u00e9e dans la province du Baloutchistan.<\/p>\n\n\n\n<p>T\u00e9h\u00e9ran a inscrit ce groupe sur la liste des organisations terroristes, affirmant qu&rsquo;il d\u00e9fend les droits des Baloutches et des sunnites en Iran.<\/p>\n\n\n\n<p>Les m\u00e9dias iraniens ont accus\u00e9 le groupe Jaish al-Adl d&rsquo;avoir men\u00e9 une attaque arm\u00e9e mi-d\u00e9cembre contre un poste de police dans la ville de Rask, dans la province du Sistan-et-Baloutchistan, au sud-est de l&rsquo;Iran, tuant 11 membres de la police.<\/p>\n\n\n\n<p>Plus de 100 personnes ont \u00e9t\u00e9 tu\u00e9es et des dizaines ont \u00e9t\u00e9 bless\u00e9es dans une double explosion \u00e0 Kerman le 3 janvier dernier, pr\u00e8s du mausol\u00e9e de l&rsquo;ancien commandant du Corps des gardiens de la r\u00e9volution iranien, Qassem Soleimani, lors d&rsquo;une comm\u00e9moration annuelle du quatri\u00e8me anniversaire de son assassinat par une frappe am\u00e9ricaine.<\/p>\n\n\n\n<p>L&rsquo;\u00c9tat islamique a revendiqu\u00e9 la responsabilit\u00e9 de l&rsquo;explosion, tandis que T\u00e9h\u00e9ran a promis de se venger des auteurs de l&rsquo;attaque, la qualifiant de la plus meurtri\u00e8re dans le pays depuis la r\u00e9volution islamique qui a renvers\u00e9 le r\u00e9gime monarchique en 1979.<\/p>\n","protected":false},"excerpt":{"rendered":"<p>Le Pakistan a d\u00e9cid\u00e9 de rappeler son ambassadeur de T\u00e9h\u00e9ran et de ne pas autoriser le retour de l&rsquo;ambassadeur iranien actuellement en visite dans le pays, suite \u00e0 l&rsquo;attaque a\u00e9rienne men\u00e9e par l&rsquo;Iran \u00e0 l&rsquo;int\u00e9rieur du territoire pakistanais hier mardi. La porte-parole du minist\u00e8re des Affaires \u00e9trang\u00e8res pakistanais, Moutaz Zahra Baloch, a d\u00e9clar\u00e9 dans un [&hellip;]<\/p>\n","protected":false},"author":1,"featured_media":0,"comment_status":"open","ping_status":"open","sticky":false,"template":"","format":"standard","meta":{"footnotes":""},"categories":[1],"tags":[],"class_list":["post-2113","post","type-post","status-publish","format-standard","hentry","category-uncategorized"],"_links":{"self":[{"href":"https:\/\/iphone-gratuit.org\/articles\/wp-json\/wp\/v2\/posts\/2113","targetHints":{"allow":["GET"]}}],"collection":[{"href":"https:\/\/iphone-gratuit.org\/articles\/wp-json\/wp\/v2\/posts"}],"about":[{"href":"https:\/\/iphone-gratuit.org\/articles\/wp-json\/wp\/v2\/types\/post"}],"author":[{"embeddable":true,"href":"https:\/\/iphone-gratuit.org\/articles\/wp-json\/wp\/v2\/users\/1"}],"replies":[{"embeddable":true,"href":"https:\/\/iphone-gratuit.org\/articles\/wp-json\/wp\/v2\/comments?post=2113"}],"version-history":[{"count":1,"href":"https:\/\/iphone-gratuit.org\/articles\/wp-json\/wp\/v2\/posts\/2113\/revisions"}],"predecessor-version":[{"id":2116,"href":"https:\/\/iphone-gratuit.org\/articles\/wp-json\/wp\/v2\/posts\/2113\/revisions\/2116"}],"wp:attachment":[{"href":"https:\/\/iphone-gratuit.org\/articles\/wp-json\/wp\/v2\/media?parent=2113"}],"wp:term":[{"taxonomy":"category","embeddable":true,"href":"https:\/\/iphone-gratuit.org\/articles\/wp-json\/wp\/v2\/categories?post=2113"},{"taxonomy":"post_tag","embeddable":true,"href":"https:\/\/iphone-gratuit.org\/articles\/wp-json\/wp\/v2\/tags?post=2113"}],"curies":[{"name":"wp","href":"https:\/\/api.w.org\/{rel}","templated":true}]}}