{"id":2067,"date":"2024-01-15T21:26:23","date_gmt":"2024-01-15T20:26:23","guid":{"rendered":"https:\/\/iphone-gratuit.org\/articles\/?p=2067"},"modified":"2024-01-15T21:26:23","modified_gmt":"2024-01-15T20:26:23","slug":"le-parti-de-nawaz-sharif-lance-sa-campagne-electorale-malgre-les-tentatives-de-report-des-elections","status":"publish","type":"post","link":"https:\/\/iphone-gratuit.org\/articles\/le-parti-de-nawaz-sharif-lance-sa-campagne-electorale-malgre-les-tentatives-de-report-des-elections\/","title":{"rendered":"Le Parti de Nawaz Sharif lance sa campagne \u00e9lectorale malgr\u00e9 les tentatives de report des \u00e9lections"},"content":{"rendered":"\n<figure class=\"wp-block-image size-full\"><img loading=\"lazy\" decoding=\"async\" width=\"767\" height=\"507\" src=\"https:\/\/iphone-gratuit.org\/articles\/wp-content\/uploads\/2024\/01\/padhge.png\" alt=\"\" class=\"wp-image-2068\" srcset=\"https:\/\/iphone-gratuit.org\/articles\/wp-content\/uploads\/2024\/01\/padhge.png 767w, https:\/\/iphone-gratuit.org\/articles\/wp-content\/uploads\/2024\/01\/padhge-300x198.png 300w\" sizes=\"auto, (max-width: 767px) 100vw, 767px\" \/><\/figure>\n\n\n\n<p>Le parti du Premier ministre pakistanais pr\u00e9c\u00e9dent, Nawaz Sharif, a lanc\u00e9 sa campagne aujourd&rsquo;hui, lundi, en vue des \u00e9lections l\u00e9gislatives pr\u00e9vues pour le 8 f\u00e9vrier prochain.<\/p>\n\n\n\n<p>Aujourd&rsquo;hui, la commission \u00e9lectorale a rejet\u00e9 une demande issue d&rsquo;une r\u00e9solution du S\u00e9nat visant \u00e0 retarder la tenue des \u00e9lections pr\u00e9vue pour le 8 f\u00e9vrier prochain, soulignant que toutes les dispositions n\u00e9cessaires avaient \u00e9t\u00e9 prises et qu&rsquo;il n&rsquo;\u00e9tait \u00ab\u00a0pas appropri\u00e9\u00a0\u00bb de les reporter.<\/p>\n\n\n\n<p>Le site Geo News pakistanais a rapport\u00e9 que la d\u00e9claration de la commission \u00e9lectorale \u00e9tait une r\u00e9ponse \u00e0 la r\u00e9solution du S\u00e9nat du 5 janvier dernier, pr\u00e9sent\u00e9e par le membre Delawar Khan et adopt\u00e9e en pr\u00e9sence d&rsquo;un petit nombre de membres du S\u00e9nat.<\/p>\n\n\n\n<p>La r\u00e9solution se basait sur les conditions m\u00e9t\u00e9orologiques difficiles dans les r\u00e9gions montagneuses et la d\u00e9t\u00e9rioration de la situation s\u00e9curitaire, justifiant ainsi le report des \u00e9lections.<\/p>\n\n\n\n<p>Dans son communiqu\u00e9 d&rsquo;aujourd&rsquo;hui, la commission a d\u00e9clar\u00e9 qu&rsquo;elle avait d\u00e9pos\u00e9 une requ\u00eate devant la Cour supr\u00eame concernant la tenue des \u00e9lections le 8 f\u00e9vrier 2024.<\/p>\n\n\n\n<p>M\u00eame avant le vote, des all\u00e9gations de fraude \u00e9lectorale ont \u00e9t\u00e9 lanc\u00e9es, certains analystes affirmant que \u00ab\u00a0l&rsquo;arm\u00e9e a apport\u00e9 son soutien \u00e0 Sharif et a contribu\u00e9 \u00e0 l&rsquo;\u00e9viction du Premier ministre pr\u00e9c\u00e9dent Imran Khan, actuellement d\u00e9tenu en prison.\u00a0\u00bb<\/p>\n\n\n\n<p>\u00c0 Okara, dans la province du Pendjab (est), le parti de la Ligue islamique du Pakistan &#8211; faction Nawaz &#8211; a rassembl\u00e9 des milliers de partisans qui ont \u00e9cout\u00e9 les discours de leurs principaux dirigeants, mais en l&rsquo;absence de Sharif.<\/p>\n\n\n\n<p>Sa fille, Maryam, vice-pr\u00e9sidente du parti, a d\u00e9clar\u00e9 : \u00ab\u00a0Celui qui aime ce pays ne peut pas voter pour quelqu&rsquo;un d&rsquo;autre que Nawaz Sharif.\u00a0\u00bb<\/p>\n\n\n\n<p>Sharif, qui n&rsquo;a pas termin\u00e9 l&rsquo;une de ses trois p\u00e9riodes en tant que Premier ministre, est revenu de son exil volontaire \u00e0 Londres en octobre de l&rsquo;ann\u00e9e derni\u00e8re.<\/p>\n\n\n\n<p>Des analystes politiques estiment que Sharif a conclu un accord avec les dirigeants de l&rsquo;arm\u00e9e pour pouvoir revenir et qu&rsquo;il pourrait ramener son parti, la Ligue islamique du Pakistan, au pouvoir.<\/p>\n\n\n\n<p>Les \u00e9lections l\u00e9gislatives auront lieu en l&rsquo;absence d&rsquo;Imran Khan, emprisonn\u00e9 depuis ao\u00fbt dernier, faisant face \u00e0 de nombreuses accusations et \u00e9tant d\u00e9clar\u00e9 in\u00e9ligible pour se pr\u00e9senter pendant 5 ans.<\/p>\n\n\n\n<p>Khan, \u00e2g\u00e9 de 71 ans, qui a \u00e9t\u00e9 destitu\u00e9 de ses fonctions en vertu d&rsquo;une motion de censure en avril 2022, affirme que les mesures prises \u00e0 son encontre sont motiv\u00e9es par des consid\u00e9rations politiques visant \u00e0 l&#8217;emp\u00eacher de se pr\u00e9senter \u00e0 nouveau, accusant \u00e0 son tour l&rsquo;arm\u00e9e de se trouver derri\u00e8re ses ennuis judiciaires.<\/p>\n\n\n\n<p>Samedi dernier, la Cour supr\u00eame du pays a rendu un nouveau jugement interdisant au parti \u00ab\u00a0Mouvement pour la justice du Pakistan\u00a0\u00bb, auquel appartient l&rsquo;ancienne star internationale de cricket, d&rsquo;utiliser un symbole \u00e9lectoral pour permettre aux \u00e9lecteurs de voter pour lui, dans un pays o\u00f9 le taux d&rsquo;alphab\u00e9tisation des adultes n&rsquo;est que de 58%, selon les donn\u00e9es de la Banque mondiale.<\/p>\n\n\n\n<p>Le \u00ab\u00a0Mouvement pour la justice du Pakistan\u00a0\u00bb fait l&rsquo;objet d&rsquo;une campagne qui a conduit \u00e0 l&rsquo;incarc\u00e9ration de plusieurs de ses responsables, ou les a contraints \u00e0 se retirer du parti.<\/p>\n\n\n\n<p>Aisha Jalal, professeure d&rsquo;histoire \u00e0 l&rsquo;Universit\u00e9 Tufts aux \u00c9tats-Unis, a d\u00e9clar\u00e9 \u00e0 l&rsquo;Agence France-Presse : \u00ab\u00a0Khan croit qu&rsquo;il m\u00e9rite d&rsquo;\u00eatre pr\u00e9sident simplement parce qu&rsquo;il est populaire. Malheureusement, au Pakistan, on ne compte pas seulement sur la popularit\u00e9, mais plut\u00f4t sur la relation avec l&rsquo;arm\u00e9e,\u00a0\u00bb qui a gouvern\u00e9 le pays pendant la majeure partie de ses 75 ans d&rsquo;histoire, critiquant toujours ses actions comme une ligne rouge \u00e0 ne pas franchir.<\/p>\n","protected":false},"excerpt":{"rendered":"<p>Le parti du Premier ministre pakistanais pr\u00e9c\u00e9dent, Nawaz Sharif, a lanc\u00e9 sa campagne aujourd&rsquo;hui, lundi, en vue des \u00e9lections l\u00e9gislatives pr\u00e9vues pour le 8 f\u00e9vrier prochain. Aujourd&rsquo;hui, la commission \u00e9lectorale a rejet\u00e9 une demande issue d&rsquo;une r\u00e9solution du S\u00e9nat visant \u00e0 retarder la tenue des \u00e9lections pr\u00e9vue pour le 8 f\u00e9vrier prochain, soulignant que toutes [&hellip;]<\/p>\n","protected":false},"author":1,"featured_media":0,"comment_status":"open","ping_status":"open","sticky":false,"template":"","format":"standard","meta":{"footnotes":""},"categories":[1],"tags":[],"class_list":["post-2067","post","type-post","status-publish","format-standard","hentry","category-uncategorized"],"_links":{"self":[{"href":"https:\/\/iphone-gratuit.org\/articles\/wp-json\/wp\/v2\/posts\/2067","targetHints":{"allow":["GET"]}}],"collection":[{"href":"https:\/\/iphone-gratuit.org\/articles\/wp-json\/wp\/v2\/posts"}],"about":[{"href":"https:\/\/iphone-gratuit.org\/articles\/wp-json\/wp\/v2\/types\/post"}],"author":[{"embeddable":true,"href":"https:\/\/iphone-gratuit.org\/articles\/wp-json\/wp\/v2\/users\/1"}],"replies":[{"embeddable":true,"href":"https:\/\/iphone-gratuit.org\/articles\/wp-json\/wp\/v2\/comments?post=2067"}],"version-history":[{"count":1,"href":"https:\/\/iphone-gratuit.org\/articles\/wp-json\/wp\/v2\/posts\/2067\/revisions"}],"predecessor-version":[{"id":2069,"href":"https:\/\/iphone-gratuit.org\/articles\/wp-json\/wp\/v2\/posts\/2067\/revisions\/2069"}],"wp:attachment":[{"href":"https:\/\/iphone-gratuit.org\/articles\/wp-json\/wp\/v2\/media?parent=2067"}],"wp:term":[{"taxonomy":"category","embeddable":true,"href":"https:\/\/iphone-gratuit.org\/articles\/wp-json\/wp\/v2\/categories?post=2067"},{"taxonomy":"post_tag","embeddable":true,"href":"https:\/\/iphone-gratuit.org\/articles\/wp-json\/wp\/v2\/tags?post=2067"}],"curies":[{"name":"wp","href":"https:\/\/api.w.org\/{rel}","templated":true}]}}