{"id":2019,"date":"2024-01-14T07:40:00","date_gmt":"2024-01-14T06:40:00","guid":{"rendered":"https:\/\/iphone-gratuit.org\/articles\/?p=2019"},"modified":"2024-01-13T17:38:27","modified_gmt":"2024-01-13T16:38:27","slug":"debat-et-inquietude-en-suede-face-aux-appels-a-la-preparation-a-la-guerre","status":"publish","type":"post","link":"https:\/\/iphone-gratuit.org\/articles\/debat-et-inquietude-en-suede-face-aux-appels-a-la-preparation-a-la-guerre\/","title":{"rendered":"D\u00e9bat et inqui\u00e9tude en Su\u00e8de face aux appels \u00e0 la pr\u00e9paration \u00e0 la guerre"},"content":{"rendered":"\n<figure class=\"wp-block-image size-full\"><img loading=\"lazy\" decoding=\"async\" width=\"678\" height=\"477\" src=\"https:\/\/iphone-gratuit.org\/articles\/wp-content\/uploads\/2024\/01\/sjhfb.png\" alt=\"\" class=\"wp-image-2020\" srcset=\"https:\/\/iphone-gratuit.org\/articles\/wp-content\/uploads\/2024\/01\/sjhfb.png 678w, https:\/\/iphone-gratuit.org\/articles\/wp-content\/uploads\/2024\/01\/sjhfb-300x211.png 300w\" sizes=\"auto, (max-width: 678px) 100vw, 678px\" \/><\/figure>\n\n\n\n<p>Les appels de l&rsquo;arm\u00e9e et du gouvernement su\u00e9dois \u00e0 se pr\u00e9parer \u00e0 la guerre suscitent des d\u00e9bats houleux, des vagues d&rsquo;achats de r\u00e9serves et une anxi\u00e9t\u00e9 croissante chez les enfants.<\/p>\n\n\n\n<p>La Su\u00e8de envoie r\u00e9guli\u00e8rement des troupes dans des op\u00e9rations de maintien de la paix \u00e0 l&rsquo;\u00e9tranger, mais ce pays, candidat \u00e0 l&rsquo;adh\u00e9sion \u00e0 l&rsquo;OTAN depuis mai 2022, n&rsquo;a \u00e9t\u00e9 impliqu\u00e9 dans aucun conflit arm\u00e9 depuis les guerres napol\u00e9oniennes, et la plupart des Su\u00e9dois ne connaissent rien des faits de la guerre.<\/p>\n\n\n\n<p>Le ministre de la D\u00e9fense civile, Karl Oskar Bohlen, a d\u00e9clar\u00e9 dimanche dernier lors d&rsquo;une conf\u00e9rence sur la d\u00e9fense : \u00ab Il pourrait y avoir une guerre en Su\u00e8de \u00bb, mettant en garde contre tout laxisme dans ce domaine.<\/p>\n\n\n\n<p>Quelques jours plus tard, le commandant supr\u00eame des forces arm\u00e9es su\u00e9doises, Michael Biden, proposait la m\u00eame id\u00e9e. Il a montr\u00e9 des photos de maisons incendi\u00e9es et bombard\u00e9es en Ukraine et a demand\u00e9 : \u00ab Pensez-vous que cela pourrait \u00eatre la Su\u00e8de ? \u00bb, soulignant qu\u2019il ne posait pas simplement une simple question. Il a d\u00e9clar\u00e9 : \u00ab La guerre de la Russie contre l&rsquo;Ukraine est une phase et non un objectif final. L&rsquo;objectif est de cr\u00e9er une zone d&rsquo;influence et de d\u00e9truire l&rsquo;ordre mondial bas\u00e9 sur des syst\u00e8mes sp\u00e9cifiques. \u00bb Le commandant de l&rsquo;arm\u00e9e a ajout\u00e9 que les Su\u00e9dois \u00ab\u00a0doivent se pr\u00e9parer psychologiquement \u00e0 la guerre\u00a0\u00bb.<\/p>\n\n\n\n<p>Outre sa candidature \u00e0 l&rsquo;Otan, la Su\u00e8de a sign\u00e9 d\u00e9but d\u00e9cembre un accord autorisant les \u00c9tats-Unis \u00e0 utiliser 17 bases militaires sur son territoire.<\/p>\n\n\n\n<p>Apr\u00e8s ces d\u00e9clarations, largement comment\u00e9es, l&rsquo;organisation non gouvernementale \u00ab\u00a0Presse\u00a0\u00bb, qui s&rsquo;occupe des droits de l&rsquo;enfant, a indiqu\u00e9 avoir enregistr\u00e9 une augmentation significative du nombre d&rsquo;appels t\u00e9l\u00e9phoniques \u00e0 sa ligne d&rsquo;urgence d&rsquo;enfants pr\u00e9occup\u00e9s par la possibilit\u00e9 d&rsquo;une guerre. .<br>Le secr\u00e9taire g\u00e9n\u00e9ral de l&rsquo;organisation, Magnus Jagerskog, a d\u00e9clar\u00e9 dans un communiqu\u00e9 : \u00ab De nombreux enfants souffrent d&rsquo;un niveau \u00e9lev\u00e9 d&rsquo;anxi\u00e9t\u00e9 \u00e0 cause de cette information \u00bb.<\/p>\n\n\n\n<p>Un certain nombre de groupes de magasins ont signal\u00e9 une augmentation des achats d&rsquo;articles tels que des radios d&rsquo;urgence, des r\u00e9chauds et des r\u00e9chauds de camping.<\/p>\n\n\n\n<p>Ces d\u00e9clarations ont suscit\u00e9 un d\u00e9bat intense sur leur caract\u00e8re inqui\u00e9tant.<\/p>\n\n\n\n<p>\u00ab\u00a0La situation est dangereuse, mais il est \u00e9galement important de pr\u00e9ciser que la guerre n&rsquo;est pas imminente\u00a0\u00bb, a d\u00e9clar\u00e9 Magdalena Andersson, dirigeante du Parti social-d\u00e9mocrate et ancienne Premi\u00e8re ministre.<\/p>\n\n\n\n<p>Le commentateur de gauche Goran Greider a \u00e9crit qu&rsquo;il pensait que les d\u00e9clarations de l&rsquo;arm\u00e9e d\u00e9coulaient d&rsquo;un \u00ab d\u00e9sir discret de tester les forces de combat su\u00e9doises \u00bb. Mais dans un article du journal Dagens Nyheter, Greider a \u00e9galement admis que le v\u00e9ritable message \u00e9tait probablement \u00ab&nbsp;donnez-nous plus d\u2019argent&nbsp;\u00bb.<\/p>\n\n\n\n<p>Dans son \u00e9ditorial, le m\u00eame journal a d\u00e9clar\u00e9 qu&rsquo;un certain nombre de r\u00e9ponses \u00e0 l&rsquo;appel \u00e0 la pr\u00e9paration \u00e9taient \u00ab ridicules \u00bb, mais qu&rsquo;il \u00e9tait \u00ab faux \u00bb d&rsquo;affirmer que la guerre est impossible.<\/p>\n\n\n\n<p>De son c\u00f4t\u00e9, la Russie s&rsquo;est moqu\u00e9e des d\u00e9clarations su\u00e9doises. \u00ab\u00a0Peut-\u00eatre que les dirigeants su\u00e9dois devraient arr\u00eater de pousser leur peuple au terrorisme\u00a0\u00bb, a \u00e9crit l&rsquo;ambassade de Russie en Su\u00e8de sur la plateforme X.<\/p>\n\n\n\n<p>Dans ce contexte, Alexe\u00ef Pouchkov, membre du S\u00e9nat du Parlement russe, a d\u00e9clar\u00e9 sur l&rsquo;application Telegram : \u00ab On a parfois l&rsquo;impression que certains soldats et journalistes su\u00e9dois r\u00eavent peut-\u00eatre de guerre. \u00bb<br>Mark Galeotti, du Royal United Services Institute, estime que la possibilit\u00e9 d&rsquo;une attaque russe contre la Su\u00e8de repose sur des bases fragiles.<\/p>\n\n\n\n<p>Il a d\u00e9clar\u00e9 \u00e0 l&rsquo;Agence France-Presse : \u00ab Je comprends que l&rsquo;arm\u00e9e doit r\u00e9fl\u00e9chir aux pires sc\u00e9narios, et la Russie a montr\u00e9 qu&rsquo;elle est plus agressive que pr\u00e9vu\u2026 mais je dois admettre que je doute de la possibilit\u00e9 qu&rsquo;un tel sc\u00e9nario se r\u00e9alise. \u00bb<\/p>\n\n\n\n<p>Il a soulign\u00e9 un certain nombre de facteurs qui rendent improbable l\u2019hypoth\u00e8se d\u2019une attaque russe, notamment \u00ab le fait que l\u2019arm\u00e9e russe, ou du moins les forces terrestres en particulier, ont \u00e9t\u00e9 affaiblies \u00bb par la guerre. en Ukraine. Galeotti a poursuivi : \u00ab La question la plus importante est de savoir pourquoi (le pr\u00e9sident russe Vladimir) Poutine ferait cela ?<\/p>\n\n\n\n<p>Il a soulign\u00e9 que l&rsquo;Ukraine occupe une place particuli\u00e8re dans la vision de Poutine pour la Russie, qui, en revanche, n&rsquo;a montr\u00e9 aucune volont\u00e9 d&rsquo;attaquer les \u00c9tats baltes, un sc\u00e9nario dans lequel on dit souvent que la Su\u00e8de pourrait s&rsquo;impliquer.<\/p>\n\n\n\n<p>L\u2019expert a ajout\u00e9 qu\u2019il est \u00e9galement difficile d\u2019imaginer la Russie entrer dans un conflit plus vaste incluant des pays de l\u2019OTAN.<\/p>\n","protected":false},"excerpt":{"rendered":"<p>Les appels de l&rsquo;arm\u00e9e et du gouvernement su\u00e9dois \u00e0 se pr\u00e9parer \u00e0 la guerre suscitent des d\u00e9bats houleux, des vagues d&rsquo;achats de r\u00e9serves et une anxi\u00e9t\u00e9 croissante chez les enfants. La Su\u00e8de envoie r\u00e9guli\u00e8rement des troupes dans des op\u00e9rations de maintien de la paix \u00e0 l&rsquo;\u00e9tranger, mais ce pays, candidat \u00e0 l&rsquo;adh\u00e9sion \u00e0 l&rsquo;OTAN depuis [&hellip;]<\/p>\n","protected":false},"author":1,"featured_media":0,"comment_status":"open","ping_status":"open","sticky":false,"template":"","format":"standard","meta":{"footnotes":""},"categories":[1],"tags":[],"class_list":["post-2019","post","type-post","status-publish","format-standard","hentry","category-uncategorized"],"_links":{"self":[{"href":"https:\/\/iphone-gratuit.org\/articles\/wp-json\/wp\/v2\/posts\/2019","targetHints":{"allow":["GET"]}}],"collection":[{"href":"https:\/\/iphone-gratuit.org\/articles\/wp-json\/wp\/v2\/posts"}],"about":[{"href":"https:\/\/iphone-gratuit.org\/articles\/wp-json\/wp\/v2\/types\/post"}],"author":[{"embeddable":true,"href":"https:\/\/iphone-gratuit.org\/articles\/wp-json\/wp\/v2\/users\/1"}],"replies":[{"embeddable":true,"href":"https:\/\/iphone-gratuit.org\/articles\/wp-json\/wp\/v2\/comments?post=2019"}],"version-history":[{"count":1,"href":"https:\/\/iphone-gratuit.org\/articles\/wp-json\/wp\/v2\/posts\/2019\/revisions"}],"predecessor-version":[{"id":2021,"href":"https:\/\/iphone-gratuit.org\/articles\/wp-json\/wp\/v2\/posts\/2019\/revisions\/2021"}],"wp:attachment":[{"href":"https:\/\/iphone-gratuit.org\/articles\/wp-json\/wp\/v2\/media?parent=2019"}],"wp:term":[{"taxonomy":"category","embeddable":true,"href":"https:\/\/iphone-gratuit.org\/articles\/wp-json\/wp\/v2\/categories?post=2019"},{"taxonomy":"post_tag","embeddable":true,"href":"https:\/\/iphone-gratuit.org\/articles\/wp-json\/wp\/v2\/tags?post=2019"}],"curies":[{"name":"wp","href":"https:\/\/api.w.org\/{rel}","templated":true}]}}