{"id":1953,"date":"2024-01-11T20:00:00","date_gmt":"2024-01-11T19:00:00","guid":{"rendered":"https:\/\/iphone-gratuit.org\/articles\/?p=1953"},"modified":"2024-01-11T17:10:39","modified_gmt":"2024-01-11T16:10:39","slug":"crise-en-equateur-chaos-evasion-criminelle-et-tension-croissante","status":"publish","type":"post","link":"https:\/\/iphone-gratuit.org\/articles\/crise-en-equateur-chaos-evasion-criminelle-et-tension-croissante\/","title":{"rendered":"Crise en \u00c9quateur : Chaos, \u00e9vasion criminelle, et tension croissante"},"content":{"rendered":"\n<figure class=\"wp-block-image size-full\"><img loading=\"lazy\" decoding=\"async\" width=\"767\" height=\"507\" src=\"https:\/\/iphone-gratuit.org\/articles\/wp-content\/uploads\/2024\/01\/vito.png\" alt=\"\" class=\"wp-image-1954\" srcset=\"https:\/\/iphone-gratuit.org\/articles\/wp-content\/uploads\/2024\/01\/vito.png 767w, https:\/\/iphone-gratuit.org\/articles\/wp-content\/uploads\/2024\/01\/vito-300x198.png 300w\" sizes=\"auto, (max-width: 767px) 100vw, 767px\" \/><\/figure>\n\n\n\n<p>L&rsquo;\u00c9quateur est plong\u00e9 dans le chaos depuis le 8 janvier, date \u00e0 laquelle un conflit a \u00e9clat\u00e9 entre le gouvernement et les trafiquants de drogue. La situation a d\u00e9g\u00e9n\u00e9r\u00e9 apr\u00e8s l&rsquo;\u00e9vasion du chef de l&rsquo;organisation criminelle principale du pays, Adolfo Masi\u00e1s, alias \u00ab\u00a0Vito\u00a0\u00bb, et la prise en otage de membres de la police par un gang de trafiquants de drogue. Le pr\u00e9sident Daniel Noboa a d\u00e9clar\u00e9 que le pays \u00e9tait maintenant en \u00ab\u00a0\u00e9tat de guerre\u00a0\u00bb.<\/p>\n\n\n\n<p>Pour comprendre la situation, le magazine fran\u00e7ais L&rsquo;Obs pose les cinq questions suivantes :<\/p>\n\n\n\n<p>Qu&rsquo;est-ce qui a d\u00e9clench\u00e9 la crise ?<br>La crise a \u00e9clat\u00e9 apr\u00e8s l&rsquo;\u00e9vasion du chef de l&rsquo;organisation criminelle principale du pays, \u00ab\u00a0Vito\u00a0\u00bb, le 7 janvier. Son \u00e9vasion d&rsquo;une prison hautement s\u00e9curis\u00e9e \u00e0 Guayaquil, dans le sud-ouest du pays, a entra\u00een\u00e9 des troubles dans plusieurs prisons, conduisant le pr\u00e9sident \u00e9quatorien \u00e0 d\u00e9clarer l&rsquo;\u00e9tat d&rsquo;urgence le 7 janvier pour une p\u00e9riode de 60 jours.<\/p>\n\n\n\n<p>Quel est l&rsquo;\u00e9valuation provisoire du conflit ?<br>Les actes de violence depuis le d\u00e9but de la crise ont entra\u00een\u00e9 la mort d&rsquo;au moins 10 personnes. Le pr\u00e9sident \u00e9quatorien estime que le nombre de membres de gangs criminels responsables de la violence d\u00e9passe les 20 000, qu&rsquo;il qualifie de \u00ab\u00a0terroristes\u00a0\u00bb. Plusieurs gardiens de prison ont \u00e9t\u00e9 pris en otage, avec 125 gardiens de prison et 14 employ\u00e9s administratifs retenus en otage dans au moins 5 prisons, selon l&rsquo;administration p\u00e9nitentiaire. Les \u00e9coles ont \u00e9t\u00e9 ferm\u00e9es le 9 janvier dans la capitale Quito et dans tout le pays.<\/p>\n\n\n\n<p>Quelle est la situation du trafic de drogue en \u00c9quateur ?<br>L&rsquo;\u00c9quateur, autrefois un havre de paix, est d\u00e9sormais devenu le principal point d&rsquo;exportation de la coca\u00efne produite au P\u00e9rou et en Colombie vers l&rsquo;Europe et les \u00c9tats-Unis. Les assassinats ont augment\u00e9 de 800 % entre 2018 et 2023, avec 7 800 homicides enregistr\u00e9s en 2023 et la saisie de 220 tonnes de drogue.<\/p>\n\n\n\n<p>Comment expliquer la r\u00e9ponse forte du pr\u00e9sident \u00e9quatorien ?<br>Le pr\u00e9sident actuel, Daniel Noboa, \u00e9lu \u00e0 36 ans, a \u00e9t\u00e9 \u00e9lu sur la promesse de restaurer la s\u00e9curit\u00e9 dans le pays. La question de l&rsquo;ins\u00e9curit\u00e9 \u00e9tait au c\u0153ur des derni\u00e8res \u00e9lections pr\u00e9sidentielles, marqu\u00e9es par l&rsquo;assassinat d&rsquo;un des candidats quelques jours avant le premier tour. Selon les analystes, le pr\u00e9sident \u00e9quatorien adopte une position plus stricte que son pr\u00e9d\u00e9cesseur, Guillermo Lasso (2021-2023), qui s&rsquo;\u00e9tait engag\u00e9 dans une confrontation avec les gangs criminels, contribuant \u00e0 l&rsquo;escalade de la violence dans le pays.<\/p>\n\n\n\n<p>Comment la communaut\u00e9 internationale a-t-elle r\u00e9agi ?<br>Les \u00c9tats-Unis, le Br\u00e9sil, la Colombie, le Chili et m\u00eame le Venezuela ont condamn\u00e9 les actes de violence. Le secr\u00e9taire g\u00e9n\u00e9ral des Nations Unies, Antonio Guterres, s&rsquo;est dit \u00ab\u00a0extr\u00eamement pr\u00e9occup\u00e9 par la d\u00e9t\u00e9rioration de la situation\u00a0\u00bb en \u00c9quateur, une inqui\u00e9tude \u00e9galement exprim\u00e9e par la diplomatie europ\u00e9enne, qui a d\u00e9nonc\u00e9 \u00ab\u00a0l&rsquo;attaque directe contre la d\u00e9mocratie et l&rsquo;\u00c9tat de droit\u00a0\u00bb. La France et la Russie ont conseill\u00e9 \u00e0 leurs ressortissants de ne pas voyager en \u00c9quateur, et le P\u00e9rou a d\u00e9clar\u00e9 l&rsquo;\u00e9tat d&rsquo;urgence le long de ses fronti\u00e8res.<\/p>\n","protected":false},"excerpt":{"rendered":"<p>L&rsquo;\u00c9quateur est plong\u00e9 dans le chaos depuis le 8 janvier, date \u00e0 laquelle un conflit a \u00e9clat\u00e9 entre le gouvernement et les trafiquants de drogue. La situation a d\u00e9g\u00e9n\u00e9r\u00e9 apr\u00e8s l&rsquo;\u00e9vasion du chef de l&rsquo;organisation criminelle principale du pays, Adolfo Masi\u00e1s, alias \u00ab\u00a0Vito\u00a0\u00bb, et la prise en otage de membres de la police par un [&hellip;]<\/p>\n","protected":false},"author":1,"featured_media":0,"comment_status":"open","ping_status":"open","sticky":false,"template":"","format":"standard","meta":{"footnotes":""},"categories":[1],"tags":[],"class_list":["post-1953","post","type-post","status-publish","format-standard","hentry","category-uncategorized"],"_links":{"self":[{"href":"https:\/\/iphone-gratuit.org\/articles\/wp-json\/wp\/v2\/posts\/1953","targetHints":{"allow":["GET"]}}],"collection":[{"href":"https:\/\/iphone-gratuit.org\/articles\/wp-json\/wp\/v2\/posts"}],"about":[{"href":"https:\/\/iphone-gratuit.org\/articles\/wp-json\/wp\/v2\/types\/post"}],"author":[{"embeddable":true,"href":"https:\/\/iphone-gratuit.org\/articles\/wp-json\/wp\/v2\/users\/1"}],"replies":[{"embeddable":true,"href":"https:\/\/iphone-gratuit.org\/articles\/wp-json\/wp\/v2\/comments?post=1953"}],"version-history":[{"count":1,"href":"https:\/\/iphone-gratuit.org\/articles\/wp-json\/wp\/v2\/posts\/1953\/revisions"}],"predecessor-version":[{"id":1955,"href":"https:\/\/iphone-gratuit.org\/articles\/wp-json\/wp\/v2\/posts\/1953\/revisions\/1955"}],"wp:attachment":[{"href":"https:\/\/iphone-gratuit.org\/articles\/wp-json\/wp\/v2\/media?parent=1953"}],"wp:term":[{"taxonomy":"category","embeddable":true,"href":"https:\/\/iphone-gratuit.org\/articles\/wp-json\/wp\/v2\/categories?post=1953"},{"taxonomy":"post_tag","embeddable":true,"href":"https:\/\/iphone-gratuit.org\/articles\/wp-json\/wp\/v2\/tags?post=1953"}],"curies":[{"name":"wp","href":"https:\/\/api.w.org\/{rel}","templated":true}]}}