{"id":1931,"date":"2024-01-11T01:00:00","date_gmt":"2024-01-11T00:00:00","guid":{"rendered":"https:\/\/iphone-gratuit.org\/articles\/?p=1931"},"modified":"2024-01-10T16:00:16","modified_gmt":"2024-01-10T15:00:16","slug":"le-debat-sur-limmunite-de-trump-au-dela-des-mandats-presidentiels","status":"publish","type":"post","link":"https:\/\/iphone-gratuit.org\/articles\/le-debat-sur-limmunite-de-trump-au-dela-des-mandats-presidentiels\/","title":{"rendered":"Le D\u00e9bat sur l&rsquo;Immunit\u00e9 de Trump : Au-del\u00e0 des Mandats Pr\u00e9sidentiels"},"content":{"rendered":"\n<figure class=\"wp-block-image size-full\"><img loading=\"lazy\" decoding=\"async\" width=\"812\" height=\"537\" src=\"https:\/\/iphone-gratuit.org\/articles\/wp-content\/uploads\/2024\/01\/tututu.png\" alt=\"\" class=\"wp-image-1932\" srcset=\"https:\/\/iphone-gratuit.org\/articles\/wp-content\/uploads\/2024\/01\/tututu.png 812w, https:\/\/iphone-gratuit.org\/articles\/wp-content\/uploads\/2024\/01\/tututu-300x198.png 300w, https:\/\/iphone-gratuit.org\/articles\/wp-content\/uploads\/2024\/01\/tututu-768x508.png 768w\" sizes=\"auto, (max-width: 812px) 100vw, 812px\" \/><\/figure>\n\n\n\n<p>\u00ab\u00a0L&rsquo;immunit\u00e9 pr\u00e9sidentielle\u00a0\u00bb est une expression qui fait actuellement d\u00e9bat aux \u00c9tats-Unis, en particulier dans le cadre du proc\u00e8s de l&rsquo;ancien pr\u00e9sident am\u00e9ricain Donald Trump, qui invoque cette clause pour faire face aux accusations port\u00e9es contre lui.<\/p>\n\n\n\n<p>Il est ind\u00e9niable que le pr\u00e9sident en exercice b\u00e9n\u00e9ficie d&rsquo;une immunit\u00e9 contre les poursuites civiles pendant son mandat et en ce qui concerne ses actes officiels directs.<\/p>\n\n\n\n<p>Cependant, le d\u00e9bat juridique actuel porte sur la question de savoir si cette immunit\u00e9, en particulier en mati\u00e8re p\u00e9nale, prot\u00e8ge un ancien pr\u00e9sident, comme c&rsquo;est le cas pour Trump. La juge Tanya Chutkan, qui supervise le proc\u00e8s f\u00e9d\u00e9ral de l&rsquo;ancien pr\u00e9sident \u00e0 Washington, a rejet\u00e9 une demande de confirmation de son immunit\u00e9 d\u00e9but d\u00e9cembre dernier, affirmant qu&rsquo;il n&rsquo;existait pas de base l\u00e9gale interdisant les poursuites p\u00e9nales contre un ancien pr\u00e9sident.<\/p>\n\n\n\n<p>Elle a m\u00eame estim\u00e9 que les ann\u00e9es pass\u00e9es par Trump \u00e0 la Maison Blanche ne lui accordaient pas un \u00ab\u00a0droit divin\u00a0\u00bb de se soustraire \u00e0 la responsabilit\u00e9 p\u00e9nale. Pour elle, il n&rsquo;y a pas de \u00ab\u00a0droit divin\u00a0\u00bb permettant \u00e0 un ancien pr\u00e9sident d&rsquo;\u00e9chapper \u00e0 la responsabilit\u00e9 p\u00e9nale.<\/p>\n\n\n\n<p>Cependant, les trois juges pr\u00e9sents lors de l&rsquo;audience d&rsquo;appel \u00e0 Washington mardi dernier semblaient tr\u00e8s sceptiques quant aux pr\u00e9tentions de Trump selon lesquelles en tant qu&rsquo;ancien pr\u00e9sident, il a le droit d&rsquo;obtenir une immunit\u00e9 contre les poursuites judiciaires pour complot visant \u00e0 annuler les r\u00e9sultats de l&rsquo;\u00e9lection pr\u00e9sidentielle de 2020. Les avocats de l&rsquo;ancien pr\u00e9sident, John Sauer, ont affirm\u00e9 que le pr\u00e9sident ne peut \u00eatre poursuivi judiciairement que pour des actes commis pendant son mandat et apr\u00e8s sa destitution et condamnation par le Congr\u00e8s, une position avec laquelle les juges n&rsquo;\u00e9taient pas d&rsquo;accord.<\/p>\n\n\n\n<p>Le d\u00e9bat sur l&rsquo;immunit\u00e9 est qualifi\u00e9 de sc\u00e9nario \u00ab\u00a0effrayant\u00a0\u00bb qui permettrait \u00e0 tout pr\u00e9sident futur d&rsquo;\u00e9chapper \u00e0 toute sanction. James Pierce, avocat du minist\u00e8re de la Justice, a d\u00e9clar\u00e9 que l&rsquo;id\u00e9e qu&rsquo;il n&rsquo;y ait pas d&rsquo;immunit\u00e9 p\u00e9nale pour un pr\u00e9sident \u00e9tait \u00ab\u00a0choquante\u00a0\u00bb et qu&rsquo;elle permettrait par exemple de porter des accusations contre le pr\u00e9sident Joe Biden devant un tribunal du Texas occidental apr\u00e8s son d\u00e9part du pouvoir pour sa mauvaise gestion des fronti\u00e8res.<\/p>\n\n\n\n<p>Le candidat r\u00e9publicain de 77 ans, qui est le favori pour remporter les primaires du parti r\u00e9publicain pour l&rsquo;\u00e9lection pr\u00e9sidentielle de cette ann\u00e9e, a d\u00e9clar\u00e9 apr\u00e8s la s\u00e9ance que le fait d&rsquo;\u00eatre poursuivi en justice par le minist\u00e8re de la Justice de Biden, qui sera probablement son concurrent dans les \u00e9lections pr\u00e9sidentielles, \u00e9tait \u00ab\u00a0totalement injuste\u00a0\u00bb. Il a ajout\u00e9 que cela entra\u00eenerait le chaos dans le pays.<\/p>\n\n\n\n<p>La session d&rsquo;hier s&rsquo;est termin\u00e9e, mais le d\u00e9bat sur le principe de l&rsquo;immunit\u00e9 des pr\u00e9sidents aux \u00c9tats-Unis est loin d&rsquo;\u00eatre clos, d&rsquo;autant plus que le procureur sp\u00e9cial Jack Smith, qui a intent\u00e9 une action en justice contre Trump pour complot visant \u00e0 influencer les \u00e9lections, cherche \u00e0 maintenir la date de son proc\u00e8s en mars, tandis que les avocats de l&rsquo;ancien pr\u00e9sident ont cherch\u00e9 \u00e0 le reporter apr\u00e8s les \u00e9lections de novembre prochain.<\/p>\n\n\n\n<p>La Cour supr\u00eame, compos\u00e9e de trois juges nomm\u00e9s par Trump, a refus\u00e9 la demande de Smith d&rsquo;examiner imm\u00e9diatement la question de l&rsquo;immunit\u00e9. Cependant, la d\u00e9cision de la Cour d&rsquo;appel, quelle qu&rsquo;elle soit, est susceptible d&rsquo;\u00eatre port\u00e9e devant la plus haute cour du pays. Le proc\u00e8s de Trump pour complot visant \u00e0 renverser les r\u00e9sultats des \u00e9lections de 2020, remport\u00e9es par le d\u00e9mocrate Joe Biden, est pr\u00e9vu pour le 4 mars. Il convient de noter que Trump a \u00e9t\u00e9 destitu\u00e9 \u00e0 deux reprises par la Chambre des repr\u00e9sentants, domin\u00e9e par les d\u00e9mocrates, mais a \u00e9t\u00e9 acquitt\u00e9 \u00e0 chaque fois par le S\u00e9nat.<\/p>\n","protected":false},"excerpt":{"rendered":"<p>\u00ab\u00a0L&rsquo;immunit\u00e9 pr\u00e9sidentielle\u00a0\u00bb est une expression qui fait actuellement d\u00e9bat aux \u00c9tats-Unis, en particulier dans le cadre du proc\u00e8s de l&rsquo;ancien pr\u00e9sident am\u00e9ricain Donald Trump, qui invoque cette clause pour faire face aux accusations port\u00e9es contre lui. Il est ind\u00e9niable que le pr\u00e9sident en exercice b\u00e9n\u00e9ficie d&rsquo;une immunit\u00e9 contre les poursuites civiles pendant son mandat et [&hellip;]<\/p>\n","protected":false},"author":1,"featured_media":0,"comment_status":"open","ping_status":"open","sticky":false,"template":"","format":"standard","meta":{"footnotes":""},"categories":[1],"tags":[],"class_list":["post-1931","post","type-post","status-publish","format-standard","hentry","category-uncategorized"],"_links":{"self":[{"href":"https:\/\/iphone-gratuit.org\/articles\/wp-json\/wp\/v2\/posts\/1931","targetHints":{"allow":["GET"]}}],"collection":[{"href":"https:\/\/iphone-gratuit.org\/articles\/wp-json\/wp\/v2\/posts"}],"about":[{"href":"https:\/\/iphone-gratuit.org\/articles\/wp-json\/wp\/v2\/types\/post"}],"author":[{"embeddable":true,"href":"https:\/\/iphone-gratuit.org\/articles\/wp-json\/wp\/v2\/users\/1"}],"replies":[{"embeddable":true,"href":"https:\/\/iphone-gratuit.org\/articles\/wp-json\/wp\/v2\/comments?post=1931"}],"version-history":[{"count":1,"href":"https:\/\/iphone-gratuit.org\/articles\/wp-json\/wp\/v2\/posts\/1931\/revisions"}],"predecessor-version":[{"id":1933,"href":"https:\/\/iphone-gratuit.org\/articles\/wp-json\/wp\/v2\/posts\/1931\/revisions\/1933"}],"wp:attachment":[{"href":"https:\/\/iphone-gratuit.org\/articles\/wp-json\/wp\/v2\/media?parent=1931"}],"wp:term":[{"taxonomy":"category","embeddable":true,"href":"https:\/\/iphone-gratuit.org\/articles\/wp-json\/wp\/v2\/categories?post=1931"},{"taxonomy":"post_tag","embeddable":true,"href":"https:\/\/iphone-gratuit.org\/articles\/wp-json\/wp\/v2\/tags?post=1931"}],"curies":[{"name":"wp","href":"https:\/\/api.w.org\/{rel}","templated":true}]}}