{"id":1918,"date":"2024-01-10T17:10:00","date_gmt":"2024-01-10T16:10:00","guid":{"rendered":"https:\/\/iphone-gratuit.org\/articles\/?p=1918"},"modified":"2024-01-10T14:13:08","modified_gmt":"2024-01-10T13:13:08","slug":"amnesty-international-appelle-a-la-liberation-immediate-du-journaliste-ziad-al-hani-en-tunisie","status":"publish","type":"post","link":"https:\/\/iphone-gratuit.org\/articles\/amnesty-international-appelle-a-la-liberation-immediate-du-journaliste-ziad-al-hani-en-tunisie\/","title":{"rendered":"Amnesty International appelle \u00e0 la lib\u00e9ration imm\u00e9diate du journaliste Ziad al-Hani en Tunisie"},"content":{"rendered":"\n<figure class=\"wp-block-image size-full\"><img loading=\"lazy\" decoding=\"async\" width=\"712\" height=\"410\" src=\"https:\/\/iphone-gratuit.org\/articles\/wp-content\/uploads\/2024\/01\/amensty.png\" alt=\"\" class=\"wp-image-1919\" srcset=\"https:\/\/iphone-gratuit.org\/articles\/wp-content\/uploads\/2024\/01\/amensty.png 712w, https:\/\/iphone-gratuit.org\/articles\/wp-content\/uploads\/2024\/01\/amensty-300x173.png 300w\" sizes=\"auto, (max-width: 712px) 100vw, 712px\" \/><\/figure>\n\n\n\n<p>L&rsquo;organisation Amnesty International a appel\u00e9 les autorit\u00e9s tunisiennes \u00e0 lib\u00e9rer \u00ab\u00a0imm\u00e9diatement et sans condition\u00a0\u00bb le journaliste Ziad al-Hani et \u00e0 abandonner toutes les charges qui lui sont reproch\u00e9es, car elles d\u00e9coulent uniquement de son exercice des droits de l&rsquo;homme. Cet appel intervient juste avant le proc\u00e8s de ce journaliste ind\u00e9pendant, aujourd&rsquo;hui mercredi, d\u00e9tenu arbitrairement depuis le 28 d\u00e9cembre dernier pour avoir \u00ab\u00a0diffam\u00e9\u00a0\u00bb une ministre du gouvernement \u00e0 travers un programme radio.<\/p>\n\n\n\n<p>L&rsquo;organisation a d\u00e9clar\u00e9 que les autorit\u00e9s tunisiennes continuent leur \u00ab\u00a0ignoble m\u00e9pris\u00a0\u00bb pour la libert\u00e9 d&rsquo;expression en punissant un autre journaliste simplement pour avoir critiqu\u00e9 des responsables gouvernementaux. Il est extr\u00eamement r\u00e9pr\u00e9hensible que al-Hani soit derri\u00e8re les barreaux. En cas de condamnation, il pourrait faire face \u00e0 deux ans de prison en plus d&rsquo;une amende pour ses simples commentaires politiques critiques.<\/p>\n\n\n\n<p>Amnesty International a soulign\u00e9 qu&rsquo;al-Hani fait partie des dizaines de personnes arbitrairement arr\u00eat\u00e9es et jug\u00e9es depuis que le pr\u00e9sident Ka\u00efs Sa\u00efed est arriv\u00e9 au pouvoir en juillet 2021, simplement pour avoir exerc\u00e9 leur droit \u00e0 la libert\u00e9 d&rsquo;expression.<\/p>\n\n\n\n<p>La police a convoqu\u00e9 al-Hani le 28 d\u00e9cembre 2023, apr\u00e8s qu&rsquo;il a critiqu\u00e9 les performances de la ministre du Commerce \u00e0 l&rsquo;antenne pendant une courte p\u00e9riode. Le m\u00eame jour, le procureur de la R\u00e9publique a ordonn\u00e9 sa d\u00e9tention en vertu de l&rsquo;article 24 du d\u00e9cret n\u00b0 54, un \u00ab\u00a0d\u00e9cret r\u00e9pressif\u00a0\u00bb relatif \u00e0 la lutte contre les crimes li\u00e9s aux syst\u00e8mes d&rsquo;information et de communication, qui accorde aux autorit\u00e9s des pouvoirs \u00e9tendus pour r\u00e9primer la libert\u00e9 d&rsquo;expression.<\/p>\n\n\n\n<p>Le 1er janvier 2024, le procureur de la R\u00e9publique a renvoy\u00e9 al-Hani devant le tribunal en vertu de l&rsquo;article 86 du Code des communications pour \u00ab\u00a0diffamation ou d\u00e9rangement de l&rsquo;autre par le biais des r\u00e9seaux publics de communication\u00a0\u00bb, une accusation passible de deux ans de prison et d&rsquo;une amende. Il a \u00e9galement ordonn\u00e9 sa d\u00e9tention provisoire.<\/p>\n\n\n\n<p>Al-Hani avait d\u00e9j\u00e0 \u00e9t\u00e9 interrog\u00e9 par la police au moins trois fois au sujet de ses d\u00e9clarations. Il fait toujours face \u00e0 des accusations distinctes pour des commentaires faits en janvier 2023 sur le pr\u00e9sident Sa\u00efed lors d&rsquo;une \u00e9mission radiophonique.<\/p>\n","protected":false},"excerpt":{"rendered":"<p>L&rsquo;organisation Amnesty International a appel\u00e9 les autorit\u00e9s tunisiennes \u00e0 lib\u00e9rer \u00ab\u00a0imm\u00e9diatement et sans condition\u00a0\u00bb le journaliste Ziad al-Hani et \u00e0 abandonner toutes les charges qui lui sont reproch\u00e9es, car elles d\u00e9coulent uniquement de son exercice des droits de l&rsquo;homme. Cet appel intervient juste avant le proc\u00e8s de ce journaliste ind\u00e9pendant, aujourd&rsquo;hui mercredi, d\u00e9tenu arbitrairement depuis [&hellip;]<\/p>\n","protected":false},"author":1,"featured_media":0,"comment_status":"open","ping_status":"open","sticky":false,"template":"","format":"standard","meta":{"footnotes":""},"categories":[1],"tags":[],"class_list":["post-1918","post","type-post","status-publish","format-standard","hentry","category-uncategorized"],"_links":{"self":[{"href":"https:\/\/iphone-gratuit.org\/articles\/wp-json\/wp\/v2\/posts\/1918","targetHints":{"allow":["GET"]}}],"collection":[{"href":"https:\/\/iphone-gratuit.org\/articles\/wp-json\/wp\/v2\/posts"}],"about":[{"href":"https:\/\/iphone-gratuit.org\/articles\/wp-json\/wp\/v2\/types\/post"}],"author":[{"embeddable":true,"href":"https:\/\/iphone-gratuit.org\/articles\/wp-json\/wp\/v2\/users\/1"}],"replies":[{"embeddable":true,"href":"https:\/\/iphone-gratuit.org\/articles\/wp-json\/wp\/v2\/comments?post=1918"}],"version-history":[{"count":1,"href":"https:\/\/iphone-gratuit.org\/articles\/wp-json\/wp\/v2\/posts\/1918\/revisions"}],"predecessor-version":[{"id":1920,"href":"https:\/\/iphone-gratuit.org\/articles\/wp-json\/wp\/v2\/posts\/1918\/revisions\/1920"}],"wp:attachment":[{"href":"https:\/\/iphone-gratuit.org\/articles\/wp-json\/wp\/v2\/media?parent=1918"}],"wp:term":[{"taxonomy":"category","embeddable":true,"href":"https:\/\/iphone-gratuit.org\/articles\/wp-json\/wp\/v2\/categories?post=1918"},{"taxonomy":"post_tag","embeddable":true,"href":"https:\/\/iphone-gratuit.org\/articles\/wp-json\/wp\/v2\/tags?post=1918"}],"curies":[{"name":"wp","href":"https:\/\/api.w.org\/{rel}","templated":true}]}}