{"id":1894,"date":"2024-01-09T22:30:00","date_gmt":"2024-01-09T21:30:00","guid":{"rendered":"https:\/\/iphone-gratuit.org\/articles\/?p=1894"},"modified":"2024-01-09T16:45:35","modified_gmt":"2024-01-09T15:45:35","slug":"le-president-israelien-denonce-la-plainte-pour-genocide-devant-la-cour-internationale-de-justice","status":"publish","type":"post","link":"https:\/\/iphone-gratuit.org\/articles\/le-president-israelien-denonce-la-plainte-pour-genocide-devant-la-cour-internationale-de-justice\/","title":{"rendered":"Le Pr\u00e9sident isra\u00e9lien d\u00e9nonce la plainte pour g\u00e9nocide devant la Cour internationale de justice"},"content":{"rendered":"\n<figure class=\"wp-block-image size-full\"><img loading=\"lazy\" decoding=\"async\" width=\"768\" height=\"506\" src=\"https:\/\/iphone-gratuit.org\/articles\/wp-content\/uploads\/2024\/01\/idfjkdjgf.png\" alt=\"\" class=\"wp-image-1895\" srcset=\"https:\/\/iphone-gratuit.org\/articles\/wp-content\/uploads\/2024\/01\/idfjkdjgf.png 768w, https:\/\/iphone-gratuit.org\/articles\/wp-content\/uploads\/2024\/01\/idfjkdjgf-300x198.png 300w\" sizes=\"auto, (max-width: 768px) 100vw, 768px\" \/><\/figure>\n\n\n\n<p>Le chef d&rsquo;\u00c9tat isra\u00e9lien, Isaac Herzog, a vivement critiqu\u00e9 la r\u00e9cente plainte d\u00e9pos\u00e9e devant la Cour internationale de justice, accusant Isra\u00ebl de perp\u00e9trer des actes de g\u00e9nocide contre les Palestiniens lors du conflit \u00e0 Gaza.<\/p>\n\n\n\n<p>Lors de ses \u00e9changes avec le secr\u00e9taire d&rsquo;\u00c9tat am\u00e9ricain, Antony Blinken, en visite \u00e0 Tel Aviv ce mardi, Herzog a qualifi\u00e9 cette d\u00e9marche de \u00ab\u00a0cruelle et absurde\u00a0\u00bb, tout en exprimant sa d\u00e9sapprobation envers l&rsquo;Afrique du Sud, l&rsquo;\u00c9tat \u00e0 l&rsquo;origine de la plainte.<\/p>\n\n\n\n<p>L&rsquo;Afrique du Sud a introduit une action en justice contre Isra\u00ebl devant la plus haute instance des Nations unies, l&rsquo;accusant de crimes de g\u00e9nocide. Les audiences sont pr\u00e9vues pour les 11 et 12 janvier de ce mois.<\/p>\n\n\n\n<p>Herzog a affirm\u00e9 : \u00ab\u00a0Nous serons pr\u00e9sents \u00e0 la Cour internationale de justice pour exposer avec fiert\u00e9 notre position, ax\u00e9e sur le recours l\u00e9gitime \u00e0 la l\u00e9gitime d\u00e9fense, conform\u00e9ment \u00e0 nos droits ancestraux et aux principes du droit international humanitaire.\u00a0\u00bb<\/p>\n\n\n\n<p>Il est \u00e0 noter que bien que les d\u00e9cisions de la Cour internationale de justice soient g\u00e9n\u00e9ralement contraignantes, les juges n&rsquo;ont pas le pouvoir d&rsquo;imposer l&rsquo;ex\u00e9cution de ces jugements aux \u00c9tats.<\/p>\n\n\n\n<p>La plainte de l&rsquo;Afrique du Sud se concentre sur la Convention sur le g\u00e9nocide sign\u00e9e par les deux \u00c9tats, plaidant pour une intervention rapide des juges de l&rsquo;ONU afin de mettre fin \u00e0 la guerre contre les Palestiniens et ainsi prot\u00e9ger leurs droits.<\/p>\n\n\n\n<p>Depuis le 7 octobre dernier, l&rsquo;arm\u00e9e isra\u00e9lienne m\u00e8ne une offensive d\u00e9vastatrice \u00e0 Gaza, causant jusqu&rsquo;\u00e0 mardi 23 210 d\u00e9c\u00e8s et 59 167 bless\u00e9s, majoritairement des enfants et des femmes, ainsi qu&rsquo;une destruction massive des infrastructures, engendrant une crise humanitaire sans pr\u00e9c\u00e9dent selon les autorit\u00e9s locales et les Nations unies.<\/p>\n\n\n\n<p>Isra\u00ebl a cat\u00e9goriquement rejet\u00e9 les all\u00e9gations de l&rsquo;Afrique du Sud, affirmant que le Hamas, le mouvement de r\u00e9sistance islamique, est le seul responsable des souffrances des Palestiniens \u00e0 Gaza, pr\u00e9tendant d\u00e9ployer tous les efforts n\u00e9cessaires pour minimiser les dommages parmi la population civile lors des op\u00e9rations militaires.<\/p>\n","protected":false},"excerpt":{"rendered":"<p>Le chef d&rsquo;\u00c9tat isra\u00e9lien, Isaac Herzog, a vivement critiqu\u00e9 la r\u00e9cente plainte d\u00e9pos\u00e9e devant la Cour internationale de justice, accusant Isra\u00ebl de perp\u00e9trer des actes de g\u00e9nocide contre les Palestiniens lors du conflit \u00e0 Gaza. Lors de ses \u00e9changes avec le secr\u00e9taire d&rsquo;\u00c9tat am\u00e9ricain, Antony Blinken, en visite \u00e0 Tel Aviv ce mardi, Herzog a [&hellip;]<\/p>\n","protected":false},"author":1,"featured_media":0,"comment_status":"open","ping_status":"open","sticky":false,"template":"","format":"standard","meta":{"footnotes":""},"categories":[1],"tags":[],"class_list":["post-1894","post","type-post","status-publish","format-standard","hentry","category-uncategorized"],"_links":{"self":[{"href":"https:\/\/iphone-gratuit.org\/articles\/wp-json\/wp\/v2\/posts\/1894","targetHints":{"allow":["GET"]}}],"collection":[{"href":"https:\/\/iphone-gratuit.org\/articles\/wp-json\/wp\/v2\/posts"}],"about":[{"href":"https:\/\/iphone-gratuit.org\/articles\/wp-json\/wp\/v2\/types\/post"}],"author":[{"embeddable":true,"href":"https:\/\/iphone-gratuit.org\/articles\/wp-json\/wp\/v2\/users\/1"}],"replies":[{"embeddable":true,"href":"https:\/\/iphone-gratuit.org\/articles\/wp-json\/wp\/v2\/comments?post=1894"}],"version-history":[{"count":1,"href":"https:\/\/iphone-gratuit.org\/articles\/wp-json\/wp\/v2\/posts\/1894\/revisions"}],"predecessor-version":[{"id":1896,"href":"https:\/\/iphone-gratuit.org\/articles\/wp-json\/wp\/v2\/posts\/1894\/revisions\/1896"}],"wp:attachment":[{"href":"https:\/\/iphone-gratuit.org\/articles\/wp-json\/wp\/v2\/media?parent=1894"}],"wp:term":[{"taxonomy":"category","embeddable":true,"href":"https:\/\/iphone-gratuit.org\/articles\/wp-json\/wp\/v2\/categories?post=1894"},{"taxonomy":"post_tag","embeddable":true,"href":"https:\/\/iphone-gratuit.org\/articles\/wp-json\/wp\/v2\/tags?post=1894"}],"curies":[{"name":"wp","href":"https:\/\/api.w.org\/{rel}","templated":true}]}}