{"id":1733,"date":"2024-01-04T19:01:00","date_gmt":"2024-01-04T18:01:00","guid":{"rendered":"https:\/\/iphone-gratuit.org\/articles\/?p=1733"},"modified":"2024-01-04T18:06:20","modified_gmt":"2024-01-04T17:06:20","slug":"reponse-ferme-de-liran-a-lattentat-de-kerman-tensions-internationales","status":"publish","type":"post","link":"https:\/\/iphone-gratuit.org\/articles\/reponse-ferme-de-liran-a-lattentat-de-kerman-tensions-internationales\/","title":{"rendered":"R\u00e9ponse Ferme de l&rsquo;Iran \u00e0 l&rsquo;Attentat de Kerman : Tensions Internationales"},"content":{"rendered":"\n<figure class=\"wp-block-image size-full\"><img loading=\"lazy\" decoding=\"async\" width=\"766\" height=\"497\" src=\"https:\/\/iphone-gratuit.org\/articles\/wp-content\/uploads\/2024\/01\/emii.png\" alt=\"\" class=\"wp-image-1734\" srcset=\"https:\/\/iphone-gratuit.org\/articles\/wp-content\/uploads\/2024\/01\/emii.png 766w, https:\/\/iphone-gratuit.org\/articles\/wp-content\/uploads\/2024\/01\/emii-300x195.png 300w\" sizes=\"auto, (max-width: 766px) 100vw, 766px\" \/><\/figure>\n\n\n\n<p>Le ministre des Affaires \u00e9trang\u00e8res iranien, Hossein Amir Abdollahian, a inform\u00e9 que l&rsquo;Iran avait engag\u00e9 des proc\u00e9dures l\u00e9gales et politiques au niveau international en r\u00e9ponse \u00e0 l&rsquo;explosion double survenue dans la province de Kerman, provoquant la mort d&rsquo;environ 100 personnes et blessant de nombreuses autres.<\/p>\n\n\n\n<p>Amir Abdollahian a soulign\u00e9 que son pays avait lanc\u00e9 ces d\u00e9marches aupr\u00e8s des Nations unies, exprimant sa profonde tristesse et pr\u00e9sentant ses condol\u00e9ances aux familles des victimes ainsi qu&rsquo;au peuple iranien.<\/p>\n\n\n\n<p>La repr\u00e9sentation permanente de l&rsquo;Iran aux Nations unies a, de son c\u00f4t\u00e9, d\u00e9clar\u00e9 que T\u00e9h\u00e9ran r\u00e9pondrait avec fermet\u00e9 et col\u00e8re aux organisateurs et auteurs de cette attaque terroriste, ainsi qu&rsquo;\u00e0 leurs complices, appelant \u00e0 la condamnation de l&rsquo;attaque via une publication sur la plateforme du Conseil de s\u00e9curit\u00e9 international.<\/p>\n\n\n\n<p>Mercredi dernier, deux explosions se sont produites \u00e0 10 minutes d&rsquo;intervalle, visant une foule dans la province de Kerman, au sud de l&rsquo;Iran, c\u00e9l\u00e9brant le quatri\u00e8me anniversaire de l&rsquo;assassinat du commandant pr\u00e9c\u00e9dent de la Force Al-Qods des Gardiens de la r\u00e9volution iraniens, Qassem Soleimani, par une frappe am\u00e9ricaine.<\/p>\n\n\n\n<p>Le gouvernement iranien a d\u00e9cr\u00e9t\u00e9 un deuil national d&rsquo;une journ\u00e9e, exprimant ses condol\u00e9ances aux familles des victimes et souhaitant un prompt r\u00e9tablissement aux bless\u00e9s. En r\u00e9action, le guide supr\u00eame iranien, Ali Khamenei, a promis une r\u00e9ponse s\u00e9v\u00e8re, soulignant que les soldats de la voie de Qassem Soleimani ne seraient pas tenus responsables du crime.<\/p>\n\n\n\n<p>Le pr\u00e9sident iranien, Ebrahim Raisi, a affirm\u00e9 que la vengeance contre les responsables de l&rsquo;attaque \u00e0 Kerman \u00e9tait in\u00e9vitable, et il a mis en garde Isra\u00ebl contre le co\u00fbt \u00e9lev\u00e9 qu&rsquo;elle paiera pour ce crime.<\/p>\n\n\n\n<p>Le vice-pr\u00e9sident des affaires politiques du bureau du pr\u00e9sident iranien a annonc\u00e9 que la visite pr\u00e9vue en Turquie avait \u00e9t\u00e9 annul\u00e9e. D&rsquo;autre part, le vice-pr\u00e9sident iranien a d\u00e9clar\u00e9 que le sang innocent avait \u00e9t\u00e9 vers\u00e9 \u00e0 Kerman par les agents du r\u00e9gime sioniste et de ses partisans.<\/p>\n\n\n\n<p>Le commandant de la Force Al-Qods des Gardiens de la r\u00e9volution iraniens a affirm\u00e9 que l&rsquo;explosion \u00e0 Kerman avait \u00e9t\u00e9 perp\u00e9tr\u00e9e par des agents d&rsquo;Isra\u00ebl et des \u00c9tats-Unis, ajoutant que l&rsquo;attaque avait \u00e9t\u00e9 s\u00e9curis\u00e9e par ces deux pays, mais que l&rsquo;Iran ne renoncerait pas \u00e0 son effort pour \u00e9liminer Isra\u00ebl.<\/p>\n\n\n\n<p>Un conseiller principal du pr\u00e9sident a accus\u00e9 Isra\u00ebl et les \u00c9tats-Unis de la responsabilit\u00e9 des explosions, soulignant que la responsabilit\u00e9 de ces actes terroristes incombait aux r\u00e9gimes am\u00e9ricain et sioniste.<\/p>\n\n\n\n<p>Cependant, les \u00c9tats-Unis ont ni\u00e9 toute implication, de m\u00eame qu&rsquo;Isra\u00ebl, dans les explosions. Le d\u00e9partement d&rsquo;\u00c9tat am\u00e9ricain a pr\u00e9cis\u00e9 qu&rsquo;il n&rsquo;y avait aucune raison de croire \u00e0 l&rsquo;implication d&rsquo;Isra\u00ebl dans les explosions de Kerman, tandis que l&rsquo;arm\u00e9e isra\u00e9lienne s&rsquo;est concentr\u00e9e sur la guerre contre le Hamas.<\/p>\n\n\n\n<p>Il convient de rappeler que le 3 janvier 2020, Soleimani a \u00e9t\u00e9 tu\u00e9 lors d&rsquo;une frappe a\u00e9rienne am\u00e9ricaine pr\u00e8s de Bagdad, avec Abu Mahdi al-Muhandis, le vice-commandant de la Brigade du Hezbollah en Irak.<\/p>\n","protected":false},"excerpt":{"rendered":"<p>Le ministre des Affaires \u00e9trang\u00e8res iranien, Hossein Amir Abdollahian, a inform\u00e9 que l&rsquo;Iran avait engag\u00e9 des proc\u00e9dures l\u00e9gales et politiques au niveau international en r\u00e9ponse \u00e0 l&rsquo;explosion double survenue dans la province de Kerman, provoquant la mort d&rsquo;environ 100 personnes et blessant de nombreuses autres. Amir Abdollahian a soulign\u00e9 que son pays avait lanc\u00e9 ces [&hellip;]<\/p>\n","protected":false},"author":1,"featured_media":0,"comment_status":"open","ping_status":"open","sticky":false,"template":"","format":"standard","meta":{"footnotes":""},"categories":[1],"tags":[],"class_list":["post-1733","post","type-post","status-publish","format-standard","hentry","category-uncategorized"],"_links":{"self":[{"href":"https:\/\/iphone-gratuit.org\/articles\/wp-json\/wp\/v2\/posts\/1733","targetHints":{"allow":["GET"]}}],"collection":[{"href":"https:\/\/iphone-gratuit.org\/articles\/wp-json\/wp\/v2\/posts"}],"about":[{"href":"https:\/\/iphone-gratuit.org\/articles\/wp-json\/wp\/v2\/types\/post"}],"author":[{"embeddable":true,"href":"https:\/\/iphone-gratuit.org\/articles\/wp-json\/wp\/v2\/users\/1"}],"replies":[{"embeddable":true,"href":"https:\/\/iphone-gratuit.org\/articles\/wp-json\/wp\/v2\/comments?post=1733"}],"version-history":[{"count":1,"href":"https:\/\/iphone-gratuit.org\/articles\/wp-json\/wp\/v2\/posts\/1733\/revisions"}],"predecessor-version":[{"id":1735,"href":"https:\/\/iphone-gratuit.org\/articles\/wp-json\/wp\/v2\/posts\/1733\/revisions\/1735"}],"wp:attachment":[{"href":"https:\/\/iphone-gratuit.org\/articles\/wp-json\/wp\/v2\/media?parent=1733"}],"wp:term":[{"taxonomy":"category","embeddable":true,"href":"https:\/\/iphone-gratuit.org\/articles\/wp-json\/wp\/v2\/categories?post=1733"},{"taxonomy":"post_tag","embeddable":true,"href":"https:\/\/iphone-gratuit.org\/articles\/wp-json\/wp\/v2\/tags?post=1733"}],"curies":[{"name":"wp","href":"https:\/\/api.w.org\/{rel}","templated":true}]}}