{"id":1707,"date":"2024-01-03T23:30:00","date_gmt":"2024-01-03T22:30:00","guid":{"rendered":"https:\/\/iphone-gratuit.org\/articles\/?p=1707"},"modified":"2024-01-03T17:42:22","modified_gmt":"2024-01-03T16:42:22","slug":"la-cour-internationale-fixe-la-date-daudience-pour-la-demande-de-juger-israel","status":"publish","type":"post","link":"https:\/\/iphone-gratuit.org\/articles\/la-cour-internationale-fixe-la-date-daudience-pour-la-demande-de-juger-israel\/","title":{"rendered":"La Cour internationale fixe la date d&rsquo;audience pour la demande de juger Isra\u00ebl"},"content":{"rendered":"\n<figure class=\"wp-block-image size-full\"><img loading=\"lazy\" decoding=\"async\" width=\"762\" height=\"508\" src=\"https:\/\/iphone-gratuit.org\/articles\/wp-content\/uploads\/2024\/01\/southafr.png\" alt=\"\" class=\"wp-image-1708\" srcset=\"https:\/\/iphone-gratuit.org\/articles\/wp-content\/uploads\/2024\/01\/southafr.png 762w, https:\/\/iphone-gratuit.org\/articles\/wp-content\/uploads\/2024\/01\/southafr-300x200.png 300w\" sizes=\"auto, (max-width: 762px) 100vw, 762px\" \/><\/figure>\n\n\n\n<p>L&rsquo;Afrique du Sud a inform\u00e9 que la Cour internationale de justice a fix\u00e9 au 11 janvier la premi\u00e8re audience pour examiner la demande de juger Isra\u00ebl pour g\u00e9nocide lors de son conflit avec Gaza.<\/p>\n\n\n\n<p>Selon le porte-parole du minist\u00e8re des Relations internationales de l&rsquo;Afrique du Sud, Clayson Monyela, la session d\u00e9butera \u00e0 La Haye, aux Pays-Bas, et se poursuivra le jour suivant.<\/p>\n\n\n\n<p>Le porte-parole a soulign\u00e9 que son pays poursuit ses pr\u00e9paratifs \u00e0 cet \u00e9gard.<\/p>\n\n\n\n<p>Cela fait suite \u00e0 la requ\u00eate d\u00e9pos\u00e9e par l&rsquo;Afrique du Sud devant la Cour internationale de justice, demandant la poursuite d&rsquo;Isra\u00ebl pour g\u00e9nocide contre les Palestiniens \u00e0 Gaza.<\/p>\n\n\n\n<p>L&rsquo;Afrique du Sud a \u00e9galement demand\u00e9 \u00e0 la Cour, vendredi dernier, d&rsquo;\u00e9mettre une ordonnance d&rsquo;urgence d\u00e9clarant qu&rsquo;Isra\u00ebl viole ses engagements en vertu de la Convention sur le g\u00e9nocide de 1948.<\/p>\n\n\n\n<p>En r\u00e9ponse, un porte-parole du gouvernement isra\u00e9lien a d\u00e9clar\u00e9 hier mardi qu&rsquo;Isra\u00ebl se pr\u00e9sentera devant la Cour internationale de justice pour r\u00e9futer les accusations de l&rsquo;Afrique du Sud, qualifiant l&rsquo;accusation de g\u00e9nocide de ridicule et assurant que \u00ab\u00a0l&rsquo;histoire les jugera sans piti\u00e9\u00a0\u00bb.<\/p>\n\n\n\n<p>Par ailleurs, le journal isra\u00e9lien Haaretz a rapport\u00e9 avant-hier lundi que les autorit\u00e9s s\u00e9curitaires et le minist\u00e8re public en Isra\u00ebl redoutent que la Cour internationale de justice attribue \u00e0 Isra\u00ebl des crimes de g\u00e9nocide \u00e0 Gaza.<\/p>\n","protected":false},"excerpt":{"rendered":"<p>L&rsquo;Afrique du Sud a inform\u00e9 que la Cour internationale de justice a fix\u00e9 au 11 janvier la premi\u00e8re audience pour examiner la demande de juger Isra\u00ebl pour g\u00e9nocide lors de son conflit avec Gaza. Selon le porte-parole du minist\u00e8re des Relations internationales de l&rsquo;Afrique du Sud, Clayson Monyela, la session d\u00e9butera \u00e0 La Haye, aux [&hellip;]<\/p>\n","protected":false},"author":1,"featured_media":0,"comment_status":"open","ping_status":"open","sticky":false,"template":"","format":"standard","meta":{"footnotes":""},"categories":[1],"tags":[],"class_list":["post-1707","post","type-post","status-publish","format-standard","hentry","category-uncategorized"],"_links":{"self":[{"href":"https:\/\/iphone-gratuit.org\/articles\/wp-json\/wp\/v2\/posts\/1707","targetHints":{"allow":["GET"]}}],"collection":[{"href":"https:\/\/iphone-gratuit.org\/articles\/wp-json\/wp\/v2\/posts"}],"about":[{"href":"https:\/\/iphone-gratuit.org\/articles\/wp-json\/wp\/v2\/types\/post"}],"author":[{"embeddable":true,"href":"https:\/\/iphone-gratuit.org\/articles\/wp-json\/wp\/v2\/users\/1"}],"replies":[{"embeddable":true,"href":"https:\/\/iphone-gratuit.org\/articles\/wp-json\/wp\/v2\/comments?post=1707"}],"version-history":[{"count":1,"href":"https:\/\/iphone-gratuit.org\/articles\/wp-json\/wp\/v2\/posts\/1707\/revisions"}],"predecessor-version":[{"id":1709,"href":"https:\/\/iphone-gratuit.org\/articles\/wp-json\/wp\/v2\/posts\/1707\/revisions\/1709"}],"wp:attachment":[{"href":"https:\/\/iphone-gratuit.org\/articles\/wp-json\/wp\/v2\/media?parent=1707"}],"wp:term":[{"taxonomy":"category","embeddable":true,"href":"https:\/\/iphone-gratuit.org\/articles\/wp-json\/wp\/v2\/categories?post=1707"},{"taxonomy":"post_tag","embeddable":true,"href":"https:\/\/iphone-gratuit.org\/articles\/wp-json\/wp\/v2\/tags?post=1707"}],"curies":[{"name":"wp","href":"https:\/\/api.w.org\/{rel}","templated":true}]}}