{"id":1701,"date":"2024-01-03T17:35:01","date_gmt":"2024-01-03T16:35:01","guid":{"rendered":"https:\/\/iphone-gratuit.org\/articles\/?p=1701"},"modified":"2024-01-03T17:35:01","modified_gmt":"2024-01-03T16:35:01","slug":"le-nouveau-ministre-israelien-des-affaires-etrangeres-declare-une-troisieme-guerre-mondiale-contre-liran","status":"publish","type":"post","link":"https:\/\/iphone-gratuit.org\/articles\/le-nouveau-ministre-israelien-des-affaires-etrangeres-declare-une-troisieme-guerre-mondiale-contre-liran\/","title":{"rendered":"Le nouveau ministre isra\u00e9lien des Affaires \u00e9trang\u00e8res d\u00e9clare une &lsquo;troisi\u00e8me guerre mondiale&rsquo; contre l&rsquo;Iran"},"content":{"rendered":"\n<figure class=\"wp-block-image size-full\"><img loading=\"lazy\" decoding=\"async\" width=\"766\" height=\"509\" src=\"https:\/\/iphone-gratuit.org\/articles\/wp-content\/uploads\/2024\/01\/iranisr.png\" alt=\"\" class=\"wp-image-1702\" srcset=\"https:\/\/iphone-gratuit.org\/articles\/wp-content\/uploads\/2024\/01\/iranisr.png 766w, https:\/\/iphone-gratuit.org\/articles\/wp-content\/uploads\/2024\/01\/iranisr-300x199.png 300w\" sizes=\"auto, (max-width: 766px) 100vw, 766px\" \/><\/figure>\n\n\n\n<p>Le nouveau ministre des Affaires \u00e9trang\u00e8res isra\u00e9lien, Yair Lapid, a d\u00e9clar\u00e9 qu&rsquo;une troisi\u00e8me guerre mondiale \u00e9tait en cours contre l&rsquo;Iran, l&rsquo;accusant de d\u00e9velopper des armes nucl\u00e9aires, lors de sa prise de fonctions du pr\u00e9c\u00e9dent titulaire, Eli Cohen.<\/p>\n\n\n\n<p>Selon les propos rapport\u00e9s par le site \u00ab\u00a0Israel 24 News\u00a0\u00bb ce mercredi, Lapid a soulign\u00e9 qu&rsquo;Isra\u00ebl se trouvait au c\u0153ur de cette guerre mondiale contre l&rsquo;Iran et contre ce qu&rsquo;il a qualifi\u00e9 d&rsquo;islam radical.<\/p>\n\n\n\n<p>Il a ajout\u00e9 : \u00ab\u00a0La coalition form\u00e9e par l&rsquo;Iran dans cette r\u00e9gion ne vise pas Isra\u00ebl sp\u00e9cifiquement. Il s&rsquo;agit plut\u00f4t d&rsquo;une troisi\u00e8me guerre mondiale, utilisant les outils contemporains, et nous sommes en premi\u00e8re ligne au niveau mondial\u00a0\u00bb, selon ses dires.<\/p>\n\n\n\n<p>Le nouveau ministre des Affaires \u00e9trang\u00e8res a \u00e9galement insist\u00e9 sur la pers\u00e9v\u00e9rance de T\u00e9h\u00e9ran dans ses efforts pour acqu\u00e9rir des armes nucl\u00e9aires.<\/p>\n\n\n\n<p>Lapid a \u00e9num\u00e9r\u00e9 ses priorit\u00e9s, mettant en t\u00eate le retour des d\u00e9tenus de Gaza dans leurs foyers, estim\u00e9s actuellement \u00e0 environ 130 prisonniers selon les autorit\u00e9s isra\u00e9liennes.<\/p>\n\n\n\n<p>Les m\u00e9dias isra\u00e9liens ont rapport\u00e9 que ce remaniement minist\u00e9riel s&rsquo;inscrit dans le cadre d&rsquo;un accord pr\u00e9alable entre les deux ministres concernant l&rsquo;\u00e9change de portefeuilles minist\u00e9riels, conclu apr\u00e8s une ann\u00e9e depuis la formation du gouvernement actuel dirig\u00e9 par Benjamin Netanyahu.<\/p>\n\n\n\n<p>Dimanche dernier, le journal \u00ab\u00a0Haaretz\u00a0\u00bb a indiqu\u00e9 que le gouvernement avait donn\u00e9 son accord pour mettre en \u0153uvre l&rsquo;accord de rotation entre les ministres des Affaires \u00e9trang\u00e8res (Cohen) et de l&rsquo;\u00c9nergie (Lapid).<\/p>\n\n\n\n<p>Avec la formation du gouvernement actuel en d\u00e9cembre 2022, un accord de rotation entre les deux ministres a \u00e9t\u00e9 convenu, avec Cohen prenant la t\u00eate du minist\u00e8re des Affaires \u00e9trang\u00e8res pendant un an, suivi de deux ans pour Lapid, puis Cohen revenant au minist\u00e8re des Affaires \u00e9trang\u00e8res pour la quatri\u00e8me et derni\u00e8re ann\u00e9e, \u00e0 condition que le gouvernement reste en fonction pendant toute la dur\u00e9e de son mandat.<\/p>\n","protected":false},"excerpt":{"rendered":"<p>Le nouveau ministre des Affaires \u00e9trang\u00e8res isra\u00e9lien, Yair Lapid, a d\u00e9clar\u00e9 qu&rsquo;une troisi\u00e8me guerre mondiale \u00e9tait en cours contre l&rsquo;Iran, l&rsquo;accusant de d\u00e9velopper des armes nucl\u00e9aires, lors de sa prise de fonctions du pr\u00e9c\u00e9dent titulaire, Eli Cohen. Selon les propos rapport\u00e9s par le site \u00ab\u00a0Israel 24 News\u00a0\u00bb ce mercredi, Lapid a soulign\u00e9 qu&rsquo;Isra\u00ebl se trouvait [&hellip;]<\/p>\n","protected":false},"author":1,"featured_media":0,"comment_status":"open","ping_status":"open","sticky":false,"template":"","format":"standard","meta":{"footnotes":""},"categories":[1],"tags":[],"class_list":["post-1701","post","type-post","status-publish","format-standard","hentry","category-uncategorized"],"_links":{"self":[{"href":"https:\/\/iphone-gratuit.org\/articles\/wp-json\/wp\/v2\/posts\/1701","targetHints":{"allow":["GET"]}}],"collection":[{"href":"https:\/\/iphone-gratuit.org\/articles\/wp-json\/wp\/v2\/posts"}],"about":[{"href":"https:\/\/iphone-gratuit.org\/articles\/wp-json\/wp\/v2\/types\/post"}],"author":[{"embeddable":true,"href":"https:\/\/iphone-gratuit.org\/articles\/wp-json\/wp\/v2\/users\/1"}],"replies":[{"embeddable":true,"href":"https:\/\/iphone-gratuit.org\/articles\/wp-json\/wp\/v2\/comments?post=1701"}],"version-history":[{"count":1,"href":"https:\/\/iphone-gratuit.org\/articles\/wp-json\/wp\/v2\/posts\/1701\/revisions"}],"predecessor-version":[{"id":1703,"href":"https:\/\/iphone-gratuit.org\/articles\/wp-json\/wp\/v2\/posts\/1701\/revisions\/1703"}],"wp:attachment":[{"href":"https:\/\/iphone-gratuit.org\/articles\/wp-json\/wp\/v2\/media?parent=1701"}],"wp:term":[{"taxonomy":"category","embeddable":true,"href":"https:\/\/iphone-gratuit.org\/articles\/wp-json\/wp\/v2\/categories?post=1701"},{"taxonomy":"post_tag","embeddable":true,"href":"https:\/\/iphone-gratuit.org\/articles\/wp-json\/wp\/v2\/tags?post=1701"}],"curies":[{"name":"wp","href":"https:\/\/api.w.org\/{rel}","templated":true}]}}