{"id":1692,"date":"2024-01-03T12:15:00","date_gmt":"2024-01-03T11:15:00","guid":{"rendered":"https:\/\/iphone-gratuit.org\/articles\/?p=1692"},"modified":"2024-01-03T09:19:54","modified_gmt":"2024-01-03T08:19:54","slug":"macron-appelle-a-la-retenue-disrael-apres-lassassinat-dal-arouri-a-beyrouth","status":"publish","type":"post","link":"https:\/\/iphone-gratuit.org\/articles\/macron-appelle-a-la-retenue-disrael-apres-lassassinat-dal-arouri-a-beyrouth\/","title":{"rendered":"Macron appelle \u00e0 la retenue d&rsquo;Isra\u00ebl apr\u00e8s l&rsquo;assassinat d&rsquo;Al-Arouri \u00e0 Beyrouth"},"content":{"rendered":"\n<figure class=\"wp-block-image size-full\"><img loading=\"lazy\" decoding=\"async\" width=\"759\" height=\"509\" src=\"https:\/\/iphone-gratuit.org\/articles\/wp-content\/uploads\/2024\/01\/macron.png\" alt=\"\" class=\"wp-image-1693\" srcset=\"https:\/\/iphone-gratuit.org\/articles\/wp-content\/uploads\/2024\/01\/macron.png 759w, https:\/\/iphone-gratuit.org\/articles\/wp-content\/uploads\/2024\/01\/macron-300x201.png 300w\" sizes=\"auto, (max-width: 759px) 100vw, 759px\" \/><\/figure>\n\n\n\n<p>Le soir dernier, mardi, le pr\u00e9sident fran\u00e7ais Emmanuel Macron a exhort\u00e9 Isra\u00ebl \u00e0 \u00ab\u00a0\u00e9viter toute escalade, particuli\u00e8rement au Liban\u00a0\u00bb, en r\u00e9action \u00e0 l&rsquo;assassinat de Saleh al-Arouri, vice-pr\u00e9sident du bureau politique du Hamas, vis\u00e9 par un missile dans la banlieue sud de Beyrouth.<\/p>\n\n\n\n<p>\u00c0 la suite d&rsquo;une conversation t\u00e9l\u00e9phonique entre Macron et Benny Gantz, membre du Conseil de s\u00e9curit\u00e9 isra\u00e9lien, l&rsquo;\u00c9lys\u00e9e a annonc\u00e9 que Macron a soulign\u00e9 l&rsquo;importance d&rsquo;\u00e9viter toute escalade, en particulier dans la r\u00e9gion libanaise, affirmant que la France continuerait \u00e0 transmettre ces messages \u00e0 toutes les parties impliqu\u00e9es directement ou indirectement dans la r\u00e9gion.<\/p>\n\n\n\n<p>Dans un communiqu\u00e9, la pr\u00e9sidence fran\u00e7aise a d\u00e9clar\u00e9 que Macron a renouvel\u00e9 son appel au ministre de la D\u00e9fense isra\u00e9lien pour travailler en vue d&rsquo;une \u00ab\u00a0cessation permanente des hostilit\u00e9s\u00a0\u00bb entre Isra\u00ebl et le Hamas, en collaboration avec les partenaires r\u00e9gionaux et internationaux.<\/p>\n\n\n\n<p>Il a \u00e9galement exprim\u00e9 sa \u00ab\u00a0profonde pr\u00e9occupation\u00a0\u00bb face au nombre \u00e9lev\u00e9 de civils tu\u00e9s et \u00e0 la situation humanitaire pr\u00e9occupante \u00e0 Gaza.<\/p>\n\n\n\n<p>Dans le m\u00eame ordre d&rsquo;id\u00e9es, le pr\u00e9sident fran\u00e7ais a r\u00e9affirm\u00e9 l&rsquo;engagement de la France envers la s\u00e9curit\u00e9 d&rsquo;Isra\u00ebl, selon un communiqu\u00e9 de l&rsquo;\u00c9lys\u00e9e.<\/p>\n\n\n\n<p>Assassinat de Saleh al-Arouri<br>Al-Arouri a \u00e9t\u00e9 assassin\u00e9 dans une attaque visant un bureau du mouvement palestinien dans la banlieue sud de Beyrouth, connue comme \u00e9tant un fief du Hezbollah, mardi soir.<\/p>\n\n\n\n<p>Le Hamas et des sources s\u00e9curitaires libanaises ont sugg\u00e9r\u00e9 qu&rsquo;Isra\u00ebl \u00e9tait responsable de cette op\u00e9ration.<\/p>\n\n\n\n<p>En r\u00e9ponse \u00e0 cet assassinat, le Hezbollah a d\u00e9clar\u00e9 que cette attaque \u00e9tait \u00ab\u00a0une menace grave pour le Liban\u00a0\u00bb, soulignant qu&rsquo;elle \u00ab\u00a0ne resterait jamais sans r\u00e9ponse ni ch\u00e2timent\u00a0\u00bb.<\/p>\n\n\n\n<p>De son c\u00f4t\u00e9, le chef du bureau politique du Hamas, Isma\u00efl Haniyeh, a qualifi\u00e9 l&rsquo;op\u00e9ration de mardi de \u00ab\u00a0terrorisme complet\u00a0\u00bb.<\/p>\n\n\n\n<p>Il a expliqu\u00e9 que l&rsquo;assassinat d&rsquo;Al-Arouri constituait une violation de la souverainet\u00e9 libanaise et une intensification des hostilit\u00e9s isra\u00e9liennes contre les Palestiniens.<\/p>\n\n\n\n<p>Haniyeh a affirm\u00e9 que le Hamas \u00ab\u00a0ne sera jamais vaincu\u00a0\u00bb, soulignant que ces attaques ne font que renforcer sa \u00ab\u00a0force, sa r\u00e9silience et sa d\u00e9termination in\u00e9branlable\u00a0\u00bb.<\/p>\n","protected":false},"excerpt":{"rendered":"<p>Le soir dernier, mardi, le pr\u00e9sident fran\u00e7ais Emmanuel Macron a exhort\u00e9 Isra\u00ebl \u00e0 \u00ab\u00a0\u00e9viter toute escalade, particuli\u00e8rement au Liban\u00a0\u00bb, en r\u00e9action \u00e0 l&rsquo;assassinat de Saleh al-Arouri, vice-pr\u00e9sident du bureau politique du Hamas, vis\u00e9 par un missile dans la banlieue sud de Beyrouth. \u00c0 la suite d&rsquo;une conversation t\u00e9l\u00e9phonique entre Macron et Benny Gantz, membre du [&hellip;]<\/p>\n","protected":false},"author":1,"featured_media":0,"comment_status":"open","ping_status":"open","sticky":false,"template":"","format":"standard","meta":{"footnotes":""},"categories":[1],"tags":[],"class_list":["post-1692","post","type-post","status-publish","format-standard","hentry","category-uncategorized"],"_links":{"self":[{"href":"https:\/\/iphone-gratuit.org\/articles\/wp-json\/wp\/v2\/posts\/1692","targetHints":{"allow":["GET"]}}],"collection":[{"href":"https:\/\/iphone-gratuit.org\/articles\/wp-json\/wp\/v2\/posts"}],"about":[{"href":"https:\/\/iphone-gratuit.org\/articles\/wp-json\/wp\/v2\/types\/post"}],"author":[{"embeddable":true,"href":"https:\/\/iphone-gratuit.org\/articles\/wp-json\/wp\/v2\/users\/1"}],"replies":[{"embeddable":true,"href":"https:\/\/iphone-gratuit.org\/articles\/wp-json\/wp\/v2\/comments?post=1692"}],"version-history":[{"count":1,"href":"https:\/\/iphone-gratuit.org\/articles\/wp-json\/wp\/v2\/posts\/1692\/revisions"}],"predecessor-version":[{"id":1694,"href":"https:\/\/iphone-gratuit.org\/articles\/wp-json\/wp\/v2\/posts\/1692\/revisions\/1694"}],"wp:attachment":[{"href":"https:\/\/iphone-gratuit.org\/articles\/wp-json\/wp\/v2\/media?parent=1692"}],"wp:term":[{"taxonomy":"category","embeddable":true,"href":"https:\/\/iphone-gratuit.org\/articles\/wp-json\/wp\/v2\/categories?post=1692"},{"taxonomy":"post_tag","embeddable":true,"href":"https:\/\/iphone-gratuit.org\/articles\/wp-json\/wp\/v2\/tags?post=1692"}],"curies":[{"name":"wp","href":"https:\/\/api.w.org\/{rel}","templated":true}]}}